{"id":11624,"date":"2025-02-12T15:23:59","date_gmt":"2025-02-12T12:23:59","guid":{"rendered":"https:\/\/www.hbrkahta.com\/?p=11624"},"modified":"2025-02-12T15:23:59","modified_gmt":"2025-02-12T12:23:59","slug":"yeniden-refah-il-baskani-ismail-demir-ak-parti-yoneticileri-ve-milletvekilleri-halktan-kopuk","status":"publish","type":"post","link":"https:\/\/www.hbrkahta.com\/index.php\/2025\/02\/12\/yeniden-refah-il-baskani-ismail-demir-ak-parti-yoneticileri-ve-milletvekilleri-halktan-kopuk\/","title":{"rendered":"Yeniden Refah \u0130l Ba\u015fkan\u0131 \u0130smail Demir: &#8216;AK Parti y\u00f6neticileri ve milletvekilleri halktan kopuk&#8217;"},"content":{"rendered":"<p>&#8220;Cumhurba\u015fkan\u0131 Gelmeden \u015eehir Ba\u015ftan A\u015fa\u011f\u0131 Yenilendi&#8221;<\/p>\n<p>\u0130smail Demir, Ad\u0131yaman\u2019da Cumhurba\u015fkan\u0131 Erdo\u011fan\u2019\u0131n ziyareti \u00f6ncesinde bir\u00e7ok alanda hummal\u0131 \u00e7al\u0131\u015fmalar yap\u0131ld\u0131\u011f\u0131n\u0131 belirterek, \u015fu ifadeleri kulland\u0131:<\/p>\n<p>&#8220;\u00c7evre, \u015eehircilik ve \u0130klim De\u011fi\u015fikli\u011fi Bakanl\u0131\u011f\u0131, Valilik ve Belediye, Cumhurba\u015fkan\u0131\u2019n\u0131n ziyareti nedeniyle adeta seferber oldu. Depremden bu yana el de\u011fmeyen yollar bir hafta i\u00e7inde elden ge\u00e7irildi. \u00c7ukurlar kapat\u0131ld\u0131, g\u00fczerg&acirc;hlar boyand\u0131 ve cilaland\u0131. Y\u0131llard\u0131r yap\u0131lmayan hizmetler bir hafta i\u00e7inde tamamland\u0131. Demek ki istenirse her \u015fey yap\u0131labiliyormu\u015f.&#8221;<\/p>\n<p>Asbest Sorunu ve Belediye\u2019ye Ele\u015ftiri<\/p>\n<p>Demir, Ad\u0131yaman Belediye Ba\u015fkan\u0131 Abdurrahman Tutdere\u2019nin se\u00e7im \u00f6ncesinde s\u0131k\u00e7a dile getirdi\u011fi asbest konusuna da de\u011finerek, belediyenin bu konuda somut bir ad\u0131m at\u0131p atmad\u0131\u011f\u0131n\u0131 sordu.<\/p>\n<p>&#8220;Say\u0131n Tutdere, se\u00e7im \u00f6ncesinde Ad\u0131yaman\u2019da asbest tehlikesini g\u00fcndeme getirmi\u015f, binlerce insan\u0131n kanser riskiyle kar\u015f\u0131 kar\u015f\u0131ya kalaca\u011f\u0131n\u0131 s\u00f6ylemi\u015fti. Ancak, g\u00f6reve geldikten sonra bu konuda ne t\u00fcr \u00e7al\u0131\u015fmalar yapt\u0131? Gerekli \u00f6nlemleri ald\u0131 m\u0131? Bizim bildi\u011fimiz kadar\u0131yla hi\u00e7bir \u015fey yap\u0131lmad\u0131. E\u011fer \u00f6nlem al\u0131nmazsa, 10 y\u0131l sonra Ad\u0131yamanl\u0131 vatanda\u015flar\u0131m\u0131z Allah korusun kanser tehlikesiyle kar\u015f\u0131 kar\u015f\u0131ya kalacak. Hem h\u00fck\u00fcmeti hem de belediyeyi bu konuda acilen harekete ge\u00e7meye \u00e7a\u011f\u0131r\u0131yoruz.&#8221;<\/p>\n<p>&#8220;Yollar \u00c7ukur ve \u00c7amur \u0130\u00e7inde, Altyap\u0131 Sorunlar\u0131 \u00c7\u00f6z\u00fclmeli&#8221;<\/p>\n<p>Ad\u0131yaman\u2019daki altyap\u0131 ve yol sorunlar\u0131n\u0131n da hala \u00e7\u00f6z\u00fcme kavu\u015fturulmad\u0131\u011f\u0131n\u0131 vurgulayan Demir, vatanda\u015flar\u0131n g\u00fcnl\u00fck ya\u015fam\u0131n\u0131 olumsuz etkileyen bu duruma tepki g\u00f6sterdi:<\/p>\n<p>&#8220;Ad\u0131yaman\u2019\u0131m\u0131z\u0131n yollar\u0131 \u00e7ukur ve \u00e7amurdan ge\u00e7ilmiyor. Altyap\u0131 ve \u00fcstyap\u0131 h&acirc;l&acirc; eskisi gibi. Kald\u0131r\u0131mlar peri\u015fan vaziyette, y\u00fcr\u00fcyecek yer yok. Molozlar k\u00f6\u015fe ba\u015flar\u0131nda birikiyor. Ad\u0131yaman Belediyesi\u2019ni \u00f6nlem almaya davet ediyoruz. Biz Yeniden Refah Partisi olarak, bu \u015fehrin sorunlar\u0131n\u0131 \u00e7\u00f6zmek i\u00e7in her kurumla i\u015f birli\u011fi yapmaya haz\u0131r\u0131z.&#8221;<\/p>\n<p>&#8220;AK Parti Y\u00f6neticileri ve Milletvekilleri Halktan Kopuk&#8221;<\/p>\n<p>A\u00e7\u0131klamas\u0131nda, AK Parti\u2019nin il y\u00f6neticileri ve milletvekillerini de ele\u015ftiren Demir, yetkililerin halktan uzakla\u015ft\u0131\u011f\u0131n\u0131 ve yaln\u0131zca kendi \u00e7evrelerine hizmet ettiklerini savundu.<\/p>\n<p>&#8220;Ne yaz\u0131k ki AK Partili il y\u00f6neticileri ve milletvekilleri, b\u00fcrokratlar gibi olmu\u015f. Vatanda\u015ftan, cumhurdan kopmu\u015f, sadece kendilerine ve \u00e7evrelerine \u00e7al\u0131\u015fan ki\u015filer haline gelmi\u015fler. D\u00fcn oldu\u011fu gibi bug\u00fcn de biz var\u0131z, Mill&icirc; G\u00f6r\u00fc\u015f var, Yeniden Refah Partisi var.&#8221;<\/p>\n<p>Son olarak partisinin \u00e7\u00f6z\u00fcm odakl\u0131 hareket etti\u011fini belirten Demir, Ad\u0131yaman halk\u0131na g\u00fcven mesaj\u0131 vererek \u015funlar\u0131 s\u00f6yledi:<\/p>\n<p>&#8220;Hi\u00e7 kimse tedirgin olmas\u0131n. \u00c7\u00f6z\u00fcm de, \u00e7are de biziz. \u00c7\u00fcnk\u00fc biz rant partisi de\u011fil, dava partisiyiz.&#8221;<\/p><\/p>\n","protected":false},"excerpt":{"rendered":"<p>  &#8211; Yeniden Refah Partisi (YRP) Ad\u0131yaman \u0130l Ba\u015fkan\u0131 \u0130smail Demir, 6 \u015eubat depreminin ikinci y\u0131l d\u00f6n\u00fcm\u00fcnde Cumhurba\u015fkan\u0131 Recep Tayyip Erdo\u011fan\u2019\u0131n Ad\u0131yaman\u2019a ger\u00e7ekle\u015ftirdi\u011fi ziyarete ili\u015fkin de\u011ferlendirmelerde bulundu. Demir, Cumhurba\u015fkan\u0131\u2019n\u0131n ziyareti \u00f6ncesinde \u015fehirde yap\u0131lan d\u00fczenlemelere dikkat \u00e7ekerek, yetkilileri kal\u0131c\u0131 \u00e7\u00f6z\u00fcmler \u00fcretmeye davet etti.<\/p>\n","protected":false},"author":1,"featured_media":11625,"comment_status":"open","ping_status":"open","sticky":false,"template":"","format":"standard","meta":{"om_disable_all_campaigns":false,"_monsterinsights_skip_tracking":false,"_monsterinsights_sitenote_active":false,"_monsterinsights_sitenote_note":"","_monsterinsights_sitenote_category":0,"footnotes":""},"categories":[1,11],"tags":[559,295,540,574,2003],"aioseo_notices":[],"_links":{"self":[{"href":"https:\/\/www.hbrkahta.com\/index.php\/wp-json\/wp\/v2\/posts\/11624"}],"collection":[{"href":"https:\/\/www.hbrkahta.com\/index.php\/wp-json\/wp\/v2\/posts"}],"about":[{"href":"https:\/\/www.hbrkahta.com\/index.php\/wp-json\/wp\/v2\/types\/post"}],"author":[{"embeddable":true,"href":"https:\/\/www.hbrkahta.com\/index.php\/wp-json\/wp\/v2\/users\/1"}],"replies":[{"embeddable":true,"href":"https:\/\/www.hbrkahta.com\/index.php\/wp-json\/wp\/v2\/comments?post=11624"}],"version-history":[{"count":1,"href":"https:\/\/www.hbrkahta.com\/index.php\/wp-json\/wp\/v2\/posts\/11624\/revisions"}],"predecessor-version":[{"id":11626,"href":"https:\/\/www.hbrkahta.com\/index.php\/wp-json\/wp\/v2\/posts\/11624\/revisions\/11626"}],"wp:featuredmedia":[{"embeddable":true,"href":"https:\/\/www.hbrkahta.com\/index.php\/wp-json\/wp\/v2\/media\/11625"}],"wp:attachment":[{"href":"https:\/\/www.hbrkahta.com\/index.php\/wp-json\/wp\/v2\/media?parent=11624"}],"wp:term":[{"taxonomy":"category","embeddable":true,"href":"https:\/\/www.hbrkahta.com\/index.php\/wp-json\/wp\/v2\/categories?post=11624"},{"taxonomy":"post_tag","embeddable":true,"href":"https:\/\/www.hbrkahta.com\/index.php\/wp-json\/wp\/v2\/tags?post=11624"}],"curies":[{"name":"wp","href":"https:\/\/api.w.org\/{rel}","templated":true}]}}