{"id":11621,"date":"2025-02-12T15:12:04","date_gmt":"2025-02-12T12:12:04","guid":{"rendered":"https:\/\/www.hbrkahta.com\/?p=11621"},"modified":"2025-02-12T15:12:04","modified_gmt":"2025-02-12T12:12:04","slug":"adiyaman-belediyesi-ile-belediye-is-sendikasi-arasinda-toplu-is-sozlesmesi-imzalandi","status":"publish","type":"post","link":"https:\/\/www.hbrkahta.com\/index.php\/2025\/02\/12\/adiyaman-belediyesi-ile-belediye-is-sendikasi-arasinda-toplu-is-sozlesmesi-imzalandi\/","title":{"rendered":"Ad\u0131yaman Belediyesi ile Belediye-\u0130\u015f Sendikas\u0131 aras\u0131nda toplu i\u015f s\u00f6zle\u015fmesi imzaland\u0131"},"content":{"rendered":"<p>Taban \u00fccreti y\u00fczde 55,31 art\u0131r\u0131ld\u0131 <br \/>\nToplu i\u015f s\u00f6zle\u015fmesi kapsam\u0131nda i\u015f\u00e7ilerin taban \u00fccreti 837 TL\u2019den 1.300 TL\u2019ye y\u00fckseltildi. Yap\u0131lan d\u00fczenleme ile en d\u00fc\u015f\u00fck maa\u015f temizlik i\u015flerinde \u00e7al\u0131\u015fan i\u015f\u00e7iler i\u00e7in 43.250 TL olurken, evli ve iki \u00e7ocuklu temizlik i\u015f\u00e7ileri i\u00e7in bu rakam 46.200 TL\u2019ye \u00e7\u0131kt\u0131.<br \/>\nEn d\u00fc\u015f\u00fck maa\u015f 42.250 TL oldu <br \/>\nB\u00fcro \u00e7al\u0131\u015fanlar\u0131 i\u00e7in de \u00f6nemli iyile\u015ftirmeler yap\u0131ld\u0131. Bekar bir b\u00fcro \u00e7al\u0131\u015fan\u0131n\u0131n en d\u00fc\u015f\u00fck maa\u015f\u0131 42.250 TL olurken, evli ve iki \u00e7ocuklu \u00e7al\u0131\u015fanlar i\u00e7in en d\u00fc\u015f\u00fck maa\u015f 45.200 TL olarak belirlendi.<br \/>\n&ldquo;Ad\u0131yaman belediyesi olarak emek\u00e7ilerin yan\u0131nday\u0131z&rdquo;<br \/>\nAd\u0131yaman Belediye Ba\u015fkan\u0131 Abdurrahman Tutdere, imza t\u00f6reninde yapt\u0131\u011f\u0131 konu\u015fmada, belediye olarak \u00e7al\u0131\u015fanlar\u0131n al\u0131n terinin kar\u015f\u0131l\u0131\u011f\u0131n\u0131 vermeyi temel bir ilke olarak benimsediklerini belirtti. &ldquo;G\u00f6reve geldi\u011fimiz g\u00fcnden bu yana t\u00fcm emek\u00e7ilerimizin haklar\u0131na riayet ettik, bu do\u011frultuda b\u00fct\u00e7emiz ve imkanlar\u0131m\u0131z \u00e7er\u00e7evesinde en y\u00fcksek iyile\u015ftirmeyi yapt\u0131k.&rdquo; dedi.<br \/>\nT\u00fcrkiye\u2019de ya\u015fanan ekonomik s\u0131k\u0131nt\u0131lar ve hayat pahal\u0131l\u0131\u011f\u0131 kar\u015f\u0131s\u0131nda belediye olarak \u00e7al\u0131\u015fanlar\u0131 koruyacak ad\u0131mlar att\u0131klar\u0131n\u0131 ifade eden Tutdere, &ldquo;Ad\u0131yaman Belediyesi olarak her zaman emek\u00e7ilerin yan\u0131nday\u0131z. Dayan\u0131\u015fma i\u00e7inde olmaya devam edece\u011fiz. Belediyemiz, \u00e7al\u0131\u015fanlar\u0131 ve meclisiyle b\u00fcy\u00fck bir aile. Bu g\u00fc\u00e7l\u00fc aile ba\u011flar\u0131n\u0131 daha da peki\u015ftirerek Ad\u0131yaman\u2019\u0131 yeniden in\u015fa edece\u011fiz.&rdquo; diye konu\u015ftu.<br \/>\nToplu i\u015f s\u00f6zle\u015fmesinin belediye \u00e7al\u0131\u015fanlar\u0131na hay\u0131rl\u0131 olmas\u0131n\u0131 dileyen Ba\u015fkan Tutdere, belediye y\u00f6netimi olarak Ad\u0131yaman\u2019\u0131n geli\u015fimi ve halk\u0131n refah\u0131 i\u00e7in t\u00fcm emek\u00e7ilerle birlikte \u00e7al\u0131\u015fmaya devam edeceklerini vurgulad\u0131.\n <\/p><\/p>\n","protected":false},"excerpt":{"rendered":"<p> Ad\u0131yaman Belediyesi, Y\u00f6rem \u015firketinde \u00e7al\u0131\u015fan belediye emek\u00e7ilerini kapsayan toplu i\u015f s\u00f6zle\u015fmesini Belediye-\u0130\u015f Sendikas\u0131 ile imzalad\u0131. Yap\u0131lan anla\u015fma ile i\u015f\u00e7ilerin taban \u00fccretleri y\u00fczde 55,31 oran\u0131nda art\u0131r\u0131larak \u00e7al\u0131\u015fma ko\u015fullar\u0131 iyile\u015ftirildi.<\/p>\n","protected":false},"author":1,"featured_media":11622,"comment_status":"open","ping_status":"open","sticky":false,"template":"","format":"standard","meta":{"om_disable_all_campaigns":false,"_monsterinsights_skip_tracking":false,"_monsterinsights_sitenote_active":false,"_monsterinsights_sitenote_note":"","_monsterinsights_sitenote_category":0,"footnotes":""},"categories":[1,11],"tags":[295,563,533,596,918],"aioseo_notices":[],"_links":{"self":[{"href":"https:\/\/www.hbrkahta.com\/index.php\/wp-json\/wp\/v2\/posts\/11621"}],"collection":[{"href":"https:\/\/www.hbrkahta.com\/index.php\/wp-json\/wp\/v2\/posts"}],"about":[{"href":"https:\/\/www.hbrkahta.com\/index.php\/wp-json\/wp\/v2\/types\/post"}],"author":[{"embeddable":true,"href":"https:\/\/www.hbrkahta.com\/index.php\/wp-json\/wp\/v2\/users\/1"}],"replies":[{"embeddable":true,"href":"https:\/\/www.hbrkahta.com\/index.php\/wp-json\/wp\/v2\/comments?post=11621"}],"version-history":[{"count":1,"href":"https:\/\/www.hbrkahta.com\/index.php\/wp-json\/wp\/v2\/posts\/11621\/revisions"}],"predecessor-version":[{"id":11623,"href":"https:\/\/www.hbrkahta.com\/index.php\/wp-json\/wp\/v2\/posts\/11621\/revisions\/11623"}],"wp:featuredmedia":[{"embeddable":true,"href":"https:\/\/www.hbrkahta.com\/index.php\/wp-json\/wp\/v2\/media\/11622"}],"wp:attachment":[{"href":"https:\/\/www.hbrkahta.com\/index.php\/wp-json\/wp\/v2\/media?parent=11621"}],"wp:term":[{"taxonomy":"category","embeddable":true,"href":"https:\/\/www.hbrkahta.com\/index.php\/wp-json\/wp\/v2\/categories?post=11621"},{"taxonomy":"post_tag","embeddable":true,"href":"https:\/\/www.hbrkahta.com\/index.php\/wp-json\/wp\/v2\/tags?post=11621"}],"curies":[{"name":"wp","href":"https:\/\/api.w.org\/{rel}","templated":true}]}}