{"id":11618,"date":"2025-02-12T15:00:00","date_gmt":"2025-02-12T12:00:00","guid":{"rendered":"https:\/\/www.hbrkahta.com\/?p=11618"},"modified":"2025-02-12T15:00:00","modified_gmt":"2025-02-12T12:00:00","slug":"adiyaman-belediyesi-subat-ayi-meclis-toplantisi-gerceklestirildi","status":"publish","type":"post","link":"https:\/\/www.hbrkahta.com\/index.php\/2025\/02\/12\/adiyaman-belediyesi-subat-ayi-meclis-toplantisi-gerceklestirildi\/","title":{"rendered":"Ad\u0131yaman Belediyesi \u015eubat ay\u0131 Meclis Toplant\u0131s\u0131 ger\u00e7ekle\u015ftirildi"},"content":{"rendered":"<p>Mecliste oylanan 22. g\u00fcndem maddesi aras\u0131nda, depremzede yap\u0131lacak \u00fcniversiteye giri\u015f s\u0131nav\u0131 (YKS) oturum \u00fccretlerinin Ad\u0131yaman Belediyesi taraf\u0131ndan kar\u015f\u0131lanmas\u0131n\u0131n iptali \u00f6ne \u00e7\u0131kt\u0131. Ba\u015fkan Tutdere, ayr\u0131ca kentte Ko\u00e7 Holding taraf\u0131ndan tam donan\u0131ml\u0131 bir \u00fcr\u00fcn geli\u015ftirmesini ve Ak\u0131n Global taraf\u0131ndan kre\u015f ve g\u00fcnd\u00fcz bak\u0131mevinin yap\u0131laca\u011f\u0131n\u0131 duyurdu.<br \/>\nDepremzede \u00f6\u011frencilere YKS \u00fccret deste\u011fi<br \/>\nAd\u0131yaman Belediyesi \u015eubat ay\u0131 Meclis Toplant\u0131s\u0131, Belediye Ba\u015fkan\u0131 Abdurrahman Tutdere\u2019nin ba\u015fkanl\u0131\u011f\u0131nda ger\u00e7ekle\u015fti. Meclis \u00fcyeleri, ba\u015fkan yard\u0131mc\u0131lar\u0131 ve birim m\u00fcd\u00fcrlerinin kat\u0131ld\u0131\u011f\u0131 toplant\u0131da, \u00fcniversiteye giri\u015f s\u0131nav\u0131na girecek depremzede \u00f6\u011frencilere y\u00f6nelik \u00f6nemli bir karar al\u0131nd\u0131.<br \/>\nBa\u015fkan Tutdere, \u00fcniversiteye giri\u015f s\u0131nav\u0131 (YKS) oturum \u00fccretleri olan 450 TL\u2019nin belediye taraf\u0131ndan kar\u015f\u0131lanaca\u011f\u0131n\u0131 duyurdu. Meclis \u00fcyelerinin oy birli\u011fiyle kabul etti\u011fi karar\u0131n ard\u0131ndan konu\u015fan Ba\u015fkan Tutdere, gen\u00e7lerin e\u011fitim yolculuklar\u0131nda desteklenmesi gerekti\u011fini vurgulayarak \u015funlar\u0131 s\u00f6yledi:<br \/>\n&ldquo;Depremzede gen\u00e7lerimiz i\u00e7in k\u00fc\u00e7\u00fck gibi g\u00f6r\u00fcnen ancak onlar i\u00e7in b\u00fcy\u00fck anlam ta\u015f\u0131yan bu deste\u011fi sa\u011flamaktan mutluluk duyuyoruz. \u00c7ocuklar\u0131m\u0131z her \u015feyin en iyisine lay\u0131k. Onlara g\u00fcveniyoruz, \u00e7\u00fcnk\u00fc bu \u015fehrin gelecekteki y\u00f6neticileri, meclis \u00fcyeleri onlar olacak. \u0130n\u015fallah hayal ettikleri fak\u00fcltelere yerle\u015firler.&rdquo;<br \/>\nKo\u00e7 Holding\u2019den tam donan\u0131ml\u0131 k\u00fct\u00fcphane<br \/>\nBa\u015fkan Tutdere, Ad\u0131yaman Belediyesi\u2019nin giri\u015fimleriyle Ko\u00e7 Holding\u2019in kente modern bir Atat\u00fcrk K\u00fct\u00fcphanesi in\u015fa edece\u011fini duyurdu. Ko\u00e7 Holding yetkilileriyle yap\u0131lan g\u00f6r\u00fc\u015fmeler sonucunda, k\u00fct\u00fcphanenin Belediye binas\u0131n\u0131n yan\u0131nda, mimari yap\u0131ya uygun \u015fekilde in\u015fa edilece\u011fi belirtildi.<br \/>\nBa\u015fkan Tutdere, Ko\u00e7 Holding\u2019in daha \u00f6nce 6 \u015eubat depremlerinin ard\u0131ndan Ad\u0131yaman Umut Kent Hakan Kozan Yerle\u015fkesi\u2019ni kurarak 3 bin 974 depremzedeye bar\u0131nma imk&acirc;n\u0131 sundu\u011funu hat\u0131rlatarak \u015funlar\u0131 s\u00f6yledi:<br \/>\n&ldquo;\u015eimdi de kentimize modern bir Atat\u00fcrk K\u00fct\u00fcphanesi kazand\u0131racaklar. Bu k\u00fct\u00fcphane, gen\u00e7lerimizin ve t\u00fcm halk\u0131m\u0131z\u0131n bilgiye eri\u015fimini kolayla\u015ft\u0131racak, Ad\u0131yaman\u2019a \u00f6nemli bir katk\u0131 sa\u011flayacakt\u0131r.&rdquo;<br \/>\nAk\u0131n Global\u2019den Kre\u015f Ve G\u00fcnd\u00fcz Bak\u0131mevi<br \/>\nAd\u0131yaman\u2019daki kre\u015f ihtiyac\u0131n\u0131 kar\u015f\u0131lamak amac\u0131yla Ak\u0131n Global E\u011fitim ve Yard\u0131m Vakf\u0131 taraf\u0131ndan yap\u0131lacak Kre\u015f ve G\u00fcnd\u00fcz Bak\u0131mevi projesi, belediye meclisinde onayland\u0131. Tamamland\u0131ktan sonra Ad\u0131yaman Belediyesi\u2019ne devredilecek olan tesis, kentteki \u00e7ocuklar\u0131n ve ailelerin hizmetine sunulacak.<br \/>\nBa\u015fkan Tutdere, proje hakk\u0131nda \u015funlar\u0131 s\u00f6yledi:<br \/>\n&ldquo;Bu projeyle hem\u015fehrilerimizin kre\u015f ihtiyac\u0131n\u0131 kar\u015f\u0131lam\u0131\u015f olaca\u011f\u0131z hem de hay\u0131rseverlerimizin katk\u0131lar\u0131n\u0131 de\u011ferlendirmi\u015f olaca\u011f\u0131z. Mustafa Kemal Bey\u2019in yapm\u0131\u015f oldu\u011fu bu ba\u011f\u0131\u015f\u0131n di\u011fer hay\u0131rseverlere de \u00f6rnek olmas\u0131n\u0131 diliyoruz. \u00c7\u00fcnk\u00fc iyilik bula\u015f\u0131c\u0131d\u0131r, bu t\u00fcr dayan\u0131\u015fmalarla \u015fehrimizi yeniden aya\u011fa kald\u0131rabiliriz.&rdquo;<br \/>\n10 y\u0131ld\u0131r \u00e7\u00f6z\u00fclemeyen Alt\u0131n\u015fehir evleri sorunu \u00e7\u00f6z\u00fcld\u00fc<br \/>\nMeclis toplant\u0131s\u0131nda, 10 y\u0131ld\u0131r \u00e7\u00f6z\u00fclemeyen Alt\u0131n\u015fehir Evleri\u2019nin imar plan\u0131 sorunu da nihayet \u00e7\u00f6z\u00fcme kavu\u015fturuldu. Bu kararla birlikte b\u00f6lgede art\u0131k konut yap\u0131labilecek, yerinde d\u00f6n\u00fc\u015f\u00fcm ger\u00e7ekle\u015ftirilebilecek. \u0130mar plan\u0131 d\u00fczenlemesi kapsam\u0131nda sosyal donat\u0131 alanlar\u0131 ve imar yollar\u0131 geni\u015fletilerek ya\u015fam kalitesi art\u0131r\u0131ld\u0131.\n <\/p><\/p>\n","protected":false},"excerpt":{"rendered":"<p> Ad\u0131yaman Belediyesi \u015eubat ay\u0131 Meclis Toplant\u0131s\u0131, Belediye Ba\u015fkan\u0131 Abdurrahman Tutdere ba\u015fkanl\u0131\u011f\u0131nda yap\u0131ld\u0131. Toplant\u0131da e\u011fitim, ula\u015f\u0131m, sosyal yard\u0131mlar ve altyap\u0131 ba\u015fta olmak \u00fczere bir\u00e7ok alanda \u00f6nemli kararlar al\u0131nd\u0131.<\/p>\n","protected":false},"author":1,"featured_media":11619,"comment_status":"open","ping_status":"open","sticky":false,"template":"","format":"standard","meta":{"om_disable_all_campaigns":false,"_monsterinsights_skip_tracking":false,"_monsterinsights_sitenote_active":false,"_monsterinsights_sitenote_note":"","_monsterinsights_sitenote_category":0,"footnotes":""},"categories":[1,11],"tags":[559,723,295,540,503],"aioseo_notices":[],"_links":{"self":[{"href":"https:\/\/www.hbrkahta.com\/index.php\/wp-json\/wp\/v2\/posts\/11618"}],"collection":[{"href":"https:\/\/www.hbrkahta.com\/index.php\/wp-json\/wp\/v2\/posts"}],"about":[{"href":"https:\/\/www.hbrkahta.com\/index.php\/wp-json\/wp\/v2\/types\/post"}],"author":[{"embeddable":true,"href":"https:\/\/www.hbrkahta.com\/index.php\/wp-json\/wp\/v2\/users\/1"}],"replies":[{"embeddable":true,"href":"https:\/\/www.hbrkahta.com\/index.php\/wp-json\/wp\/v2\/comments?post=11618"}],"version-history":[{"count":1,"href":"https:\/\/www.hbrkahta.com\/index.php\/wp-json\/wp\/v2\/posts\/11618\/revisions"}],"predecessor-version":[{"id":11620,"href":"https:\/\/www.hbrkahta.com\/index.php\/wp-json\/wp\/v2\/posts\/11618\/revisions\/11620"}],"wp:featuredmedia":[{"embeddable":true,"href":"https:\/\/www.hbrkahta.com\/index.php\/wp-json\/wp\/v2\/media\/11619"}],"wp:attachment":[{"href":"https:\/\/www.hbrkahta.com\/index.php\/wp-json\/wp\/v2\/media?parent=11618"}],"wp:term":[{"taxonomy":"category","embeddable":true,"href":"https:\/\/www.hbrkahta.com\/index.php\/wp-json\/wp\/v2\/categories?post=11618"},{"taxonomy":"post_tag","embeddable":true,"href":"https:\/\/www.hbrkahta.com\/index.php\/wp-json\/wp\/v2\/tags?post=11618"}],"curies":[{"name":"wp","href":"https:\/\/api.w.org\/{rel}","templated":true}]}}