{"id":11606,"date":"2025-02-11T19:11:58","date_gmt":"2025-02-11T16:11:58","guid":{"rendered":"https:\/\/www.hbrkahta.com\/?p=11606"},"modified":"2025-02-11T19:11:58","modified_gmt":"2025-02-11T16:11:58","slug":"adiyaman-muftusu-haliloglundan-berat-kandili-mesaji","status":"publish","type":"post","link":"https:\/\/www.hbrkahta.com\/index.php\/2025\/02\/11\/adiyaman-muftusu-haliloglundan-berat-kandili-mesaji\/","title":{"rendered":"Ad\u0131yaman M\u00fcft\u00fcs\u00fc Halilo\u011flu\u2019ndan Berat Kandili mesaj\u0131"},"content":{"rendered":"<p>&ldquo;Berat, Kurtulu\u015f ve Ar\u0131nma Gecesidir&rdquo;<\/p>\n<p>A\u00e7\u0131klamas\u0131nda, Berat kelimesinin Arap\u00e7a &lsquo;ber&acirc;et\u2019 kelimesinden t\u00fcredi\u011fini ve su\u00e7tan, cezadan, sorumluluktan kurtulma anlam\u0131na geldi\u011fini belirten M\u00fcft\u00fc Halilo\u011flu, bu gecenin ayn\u0131 zamanda tevbe ve ma\u011ffiret gecesi oldu\u011funu ifade etti. Tirmizi ve \u0130bn Mace hadislerine dayanarak, Berat Kandili\u2019nin Allah\u2019\u0131n aff\u0131na nail olmak i\u00e7in bir f\u0131rsat gecesi oldu\u011funu belirtti.<\/p>\n<p>Hadislerde Berat Gecesi ile ilgili \u015fu ifadelerin yer ald\u0131\u011f\u0131n\u0131 aktard\u0131:<\/p>\n<p>&#8220;Cenab-\u0131 Allah \u015eaban ay\u0131n\u0131n 15. gecesi d\u00fcnya semas\u0131na tecelli eder ve &lsquo;Ba\u011f\u0131\u015flanmak isteyen yok mu, onu ba\u011f\u0131\u015flayay\u0131m. R\u0131z\u0131k isteyen yok mu, ona r\u0131z\u0131k vereyim. Ba\u015fka bir dile\u011fi olan yok mu, ona da istedi\u011fini vereyim\u2019 diye buyurur.&#8221;<\/p>\n<p>Bu sebeple M\u00fcsl\u00fcmanlar\u0131n, Allah\u2019a y\u00f6nelerek dualar\u0131n\u0131 art\u0131rmalar\u0131, ba\u011f\u0131\u015flanma dilemeleri ve Ramazan ay\u0131na manen haz\u0131rl\u0131k yapmalar\u0131 gerekti\u011fini belirtti.<\/p>\n<p>Berat Kandili ve \u0130slam\u2019daki Yeri<\/p>\n<p>M\u00fcft\u00fc Halilo\u011flu, baz\u0131 \u0130slam alimlerinin Berat Gecesi\u2019nin, k\u0131blenin Mescid-i Aksa\u2019dan K&acirc;be\u2019ye d\u00f6nd\u00fc\u011f\u00fc gece olabilece\u011fini ifade ettiklerini ancak bu konuda kesin bir bilgi bulunmad\u0131\u011f\u0131n\u0131 da aktard\u0131. Ayr\u0131ca, Duhan Suresi\u2019nde ge\u00e7en &ldquo;Biz Kur&#8217;an&#8217;\u0131 m\u00fcbarek bir gecede indirdik&rdquo; ayetinin baz\u0131 alimler taraf\u0131ndan Berat Gecesi\u2019ne i\u015faret etti\u011fi s\u00f6ylense de Kur\u2019an\u2019\u0131n Ramazan ay\u0131nda indirilmeye ba\u015fland\u0131\u011f\u0131n\u0131n kesin oldu\u011funu vurgulad\u0131.<\/p>\n<p>Bu Gece Nas\u0131l De\u011ferlendirilmeli?<\/p>\n<p>\u0130slam kaynaklar\u0131nda Berat Gecesi\u2019ne \u00f6zel bir ibadet \u015fekli bulunmad\u0131\u011f\u0131n\u0131 belirten Halilo\u011flu, bu gecenin tevbe, isti\u011ffar ve ibadetlerle ge\u00e7irilmesi gerekti\u011fini s\u00f6yledi. \u015eunlar\u0131 kaydetti:<\/p>\n<p><span>&#8211;<\/span> Be\u015f vakit namaz\u0131 titizlikle k\u0131lmak<\/p>\n<p><span>&#8211;<\/span> Kur\u2019an-\u0131 Kerim okumak ve anlam\u0131 \u00fczerine d\u00fc\u015f\u00fcnmek<\/p>\n<p><span>&#8211;<\/span> Peygamber Efendimizin hadislerini incelemek<\/p>\n<p><span>&#8211;<\/span> Tevbe ve isti\u011ffar etmek<\/p>\n<p><span>&#8211;<\/span> Anne-baba, akrabalar ve t\u00fcm M\u00fcsl\u00fcmanlar i\u00e7in dua etmek<\/p>\n<p><span>&#8211;<\/span> Yard\u0131mla\u015fma ve dayan\u0131\u015fmay\u0131 art\u0131rmak<\/p>\n<p>Bu gecenin ayn\u0131 zamanda Ramazan ay\u0131na son bir haz\u0131rl\u0131k niteli\u011fi ta\u015f\u0131d\u0131\u011f\u0131n\u0131 vurgulayan Halilo\u011flu, &#8220;Peygamber Efendimiz\u2019in Ramazan d\u0131\u015f\u0131nda en \u00e7ok oru\u00e7 tuttu\u011fu ay\u0131n \u015eaban ay\u0131 oldu\u011funu biliyoruz. Dolay\u0131s\u0131yla bu ay\u0131 Ramazan\u2019a haz\u0131rl\u0131k ay\u0131 olarak de\u011ferlendirmeliyiz.&#8221; dedi.<\/p>\n<p>&ldquo;Berat Kandili Ramazan\u2019a Manevi Bir Haz\u0131rl\u0131kt\u0131r&rdquo;<\/p>\n<p>Berat Kandili\u2019nin Ramazan\u2019\u0131n bereketini art\u0131rmak i\u00e7in bir f\u0131rsat oldu\u011funu belirten Halilo\u011flu, M\u00fcsl\u00fcmanlar\u0131n bu geceyi g\u00fcnahlar\u0131ndan ar\u0131nmak ve manevi olarak Ramazan\u2019a haz\u0131rlanmak i\u00e7in bir f\u0131rsat olarak g\u00f6rmeleri gerekti\u011fini ifade etti.<\/p>\n<p>A\u00e7\u0131klamas\u0131n\u0131n sonunda t\u00fcm \u0130slam aleminin Berat Kandili\u2019ni tebrik eden M\u00fcft\u00fc Halilo\u011flu, &ldquo;Bu m\u00fcbarek gecenin milletimize, \u0130slam d\u00fcnyas\u0131na ve t\u00fcm insanl\u0131\u011fa hay\u0131rlar getirmesini diliyorum&rdquo; ifadelerini kulland\u0131.<\/p><\/p>\n","protected":false},"excerpt":{"rendered":"<p> G\u00fclbahar S\u00dcNG\u00dc &#8211; Ad\u0131yaman \u0130l M\u00fcft\u00fcs\u00fc Dr. Mevl\u00fct Halilo\u011flu, Per\u015fembe gecesi idrak edilecek Berat Kandili dolay\u0131s\u0131yla bir a\u00e7\u0131klama yaparak, kandilin \u0130slam\u2019daki yeri ve bu gecede yap\u0131lmas\u0131 gereken ibadetlere dair de\u011ferlendirmelerde bulundu. M\u00fcft\u00fc Halilo\u011flu, Berat Kandili\u2019nin ba\u011f\u0131\u015flanma, ma\u011ffiret ve kurtulu\u015f gecesi oldu\u011funa vurgu yaparak, M\u00fcsl\u00fcmanlar\u0131 Ramazan ay\u0131na haz\u0131rl\u0131k bilinciyle bu geceyi ihya etmeye davet etti.<\/p>\n","protected":false},"author":1,"featured_media":11607,"comment_status":"open","ping_status":"open","sticky":false,"template":"","format":"standard","meta":{"om_disable_all_campaigns":false,"_monsterinsights_skip_tracking":false,"_monsterinsights_sitenote_active":false,"_monsterinsights_sitenote_note":"","_monsterinsights_sitenote_category":0,"footnotes":""},"categories":[1,11],"tags":[2000,540,806,2002,2001],"aioseo_notices":[],"_links":{"self":[{"href":"https:\/\/www.hbrkahta.com\/index.php\/wp-json\/wp\/v2\/posts\/11606"}],"collection":[{"href":"https:\/\/www.hbrkahta.com\/index.php\/wp-json\/wp\/v2\/posts"}],"about":[{"href":"https:\/\/www.hbrkahta.com\/index.php\/wp-json\/wp\/v2\/types\/post"}],"author":[{"embeddable":true,"href":"https:\/\/www.hbrkahta.com\/index.php\/wp-json\/wp\/v2\/users\/1"}],"replies":[{"embeddable":true,"href":"https:\/\/www.hbrkahta.com\/index.php\/wp-json\/wp\/v2\/comments?post=11606"}],"version-history":[{"count":1,"href":"https:\/\/www.hbrkahta.com\/index.php\/wp-json\/wp\/v2\/posts\/11606\/revisions"}],"predecessor-version":[{"id":11608,"href":"https:\/\/www.hbrkahta.com\/index.php\/wp-json\/wp\/v2\/posts\/11606\/revisions\/11608"}],"wp:featuredmedia":[{"embeddable":true,"href":"https:\/\/www.hbrkahta.com\/index.php\/wp-json\/wp\/v2\/media\/11607"}],"wp:attachment":[{"href":"https:\/\/www.hbrkahta.com\/index.php\/wp-json\/wp\/v2\/media?parent=11606"}],"wp:term":[{"taxonomy":"category","embeddable":true,"href":"https:\/\/www.hbrkahta.com\/index.php\/wp-json\/wp\/v2\/categories?post=11606"},{"taxonomy":"post_tag","embeddable":true,"href":"https:\/\/www.hbrkahta.com\/index.php\/wp-json\/wp\/v2\/tags?post=11606"}],"curies":[{"name":"wp","href":"https:\/\/api.w.org\/{rel}","templated":true}]}}