{"id":11585,"date":"2025-02-11T16:59:59","date_gmt":"2025-02-11T13:59:59","guid":{"rendered":"https:\/\/www.hbrkahta.com\/?p=11585"},"modified":"2025-02-11T16:59:59","modified_gmt":"2025-02-11T13:59:59","slug":"adiyamanda-112-acil-cagri-hizmetleri-il-koordinasyon-kurulu-toplantisi-gerceklestirildi","status":"publish","type":"post","link":"https:\/\/www.hbrkahta.com\/index.php\/2025\/02\/11\/adiyamanda-112-acil-cagri-hizmetleri-il-koordinasyon-kurulu-toplantisi-gerceklestirildi\/","title":{"rendered":"Ad\u0131yaman\u2019da &#8216;112 Acil \u00c7a\u011fr\u0131 Hizmetleri&#8217; il koordinasyon kurulu toplant\u0131s\u0131 ger\u00e7ekle\u015ftirildi"},"content":{"rendered":"<p>\u00c7a\u011fr\u0131 Merkezi Faaliyetleri De\u011ferlendirildi<\/p>\n<p>Toplant\u0131da 112 Acil \u00c7a\u011fr\u0131 Merkezi M\u00fcd\u00fcr\u00fc Seydi K\u00f6rede taraf\u0131ndan, kurumun faaliyetleri, personel durumu, teknik altyap\u0131, \u00e7a\u011fr\u0131 istatistikleri ve \u00e7\u00f6z\u00fcm \u00f6nerileri i\u00e7eren detayl\u0131 bir sunum yap\u0131ld\u0131. Ad\u0131yaman 112 Acil \u00c7a\u011fr\u0131 Merkezi&#8217;ne gelen \u00e7a\u011fr\u0131lar\u0131n b\u00fcy\u00fck bir k\u0131sm\u0131n\u0131n as\u0131ls\u0131z oldu\u011fu belirtilirken, bu durumun ger\u00e7ek vakalara ula\u015fmay\u0131 zorla\u015ft\u0131rd\u0131\u011f\u0131 vurguland\u0131.<\/p>\n<p>Vali Varol: &#8220;As\u0131ls\u0131z \u00c7a\u011fr\u0131lar Ger\u00e7ek Vakalar\u0131 Geciktiriyor&#8221;<\/p>\n<p>Vali Dr. Osman Varol, 112 Acil \u00c7a\u011fr\u0131 Merkezinin vatanda\u015f\u0131n devlete ula\u015fma noktas\u0131 oldu\u011funu belirterek, as\u0131ls\u0131z ihbarlar\u0131n \u00e7a\u011fr\u0131 merkezini me\u015fgul etti\u011fini ve acil yard\u0131m bekleyen ki\u015filere ula\u015fmada ciddi s\u0131k\u0131nt\u0131lar olu\u015fturdu\u011funu ifade etti. Vatanda\u015flardan 112\u2019yi gereksiz yere aramaktan ka\u00e7\u0131nmalar\u0131 ve bilin\u00e7li bir \u015fekilde kullanmalar\u0131 konusunda duyarl\u0131l\u0131k \u00e7a\u011fr\u0131s\u0131nda bulundu.<\/p>\n<p>Kurumlar Aras\u0131 \u0130\u015f Birli\u011fi G\u00fc\u00e7lendirilecek<\/p>\n<p>Toplant\u0131da, acil \u00e7a\u011fr\u0131 hizmetlerinin daha etkin hale getirilmesi amac\u0131yla kurumlar aras\u0131 koordinasyonun g\u00fc\u00e7lendirilmesi, \u00e7al\u0131\u015fanlar\u0131n kar\u015f\u0131la\u015ft\u0131\u011f\u0131 sorunlar ve \u00e7\u00f6z\u00fcm yollar\u0131 gibi konular ele al\u0131nd\u0131. G\u00f6r\u00fc\u015f ve \u00f6nerilerin payla\u015f\u0131lmas\u0131n\u0131n ard\u0131ndan toplant\u0131 sona erdi.<\/p>\n<p>Vali Varol\u2019dan 112 Personeline Te\u015fekk\u00fcr<\/p>\n<p>Toplant\u0131 sonras\u0131nda, 112 Acil \u00c7a\u011fr\u0131 Merkezi \u00e7al\u0131\u015fanlar\u0131n\u0131n &#8220;112 G\u00fcn\u00fc&#8221;n\u00fc kutlayan Vali Dr. Osman Varol, b\u00fcy\u00fck bir \u00f6zveriyle g\u00f6rev yapan t\u00fcm acil \u00e7a\u011fr\u0131 merkezi personeline \u00e7al\u0131\u015fmalar\u0131nda ba\u015far\u0131lar dileyerek, halk\u0131n acil durum hizmetlerine h\u0131zl\u0131 eri\u015fimi i\u00e7in verdikleri eme\u011fin \u00f6nemli oldu\u011funu vurgulad\u0131.<\/p><\/p>\n","protected":false},"excerpt":{"rendered":"<p> Rojin S\u00dcNG\u00dc &#8211; Ad\u0131yaman\u2019da 112 Acil \u00c7a\u011fr\u0131 Hizmetleri \u0130l Koordinasyon Kurulu Toplant\u0131s\u0131, Vali Dr. Osman Varol\u2019un ba\u015fkanl\u0131\u011f\u0131nda ger\u00e7ekle\u015ftirildi. Kurumlar aras\u0131 koordinasyonu gerektiren konular\u0131n ele al\u0131nd\u0131\u011f\u0131 toplant\u0131da, acil \u00e7a\u011fr\u0131 hizmetlerinin etkinli\u011fi ve verimlili\u011fi \u00fczerine kapsaml\u0131 de\u011ferlendirmelerde bulunuldu.<\/p>\n","protected":false},"author":1,"featured_media":11586,"comment_status":"open","ping_status":"open","sticky":false,"template":"","format":"standard","meta":{"om_disable_all_campaigns":false,"_monsterinsights_skip_tracking":false,"_monsterinsights_sitenote_active":false,"_monsterinsights_sitenote_note":"","_monsterinsights_sitenote_category":0,"footnotes":""},"categories":[1,11],"tags":[1997,1998,540,515],"aioseo_notices":[],"_links":{"self":[{"href":"https:\/\/www.hbrkahta.com\/index.php\/wp-json\/wp\/v2\/posts\/11585"}],"collection":[{"href":"https:\/\/www.hbrkahta.com\/index.php\/wp-json\/wp\/v2\/posts"}],"about":[{"href":"https:\/\/www.hbrkahta.com\/index.php\/wp-json\/wp\/v2\/types\/post"}],"author":[{"embeddable":true,"href":"https:\/\/www.hbrkahta.com\/index.php\/wp-json\/wp\/v2\/users\/1"}],"replies":[{"embeddable":true,"href":"https:\/\/www.hbrkahta.com\/index.php\/wp-json\/wp\/v2\/comments?post=11585"}],"version-history":[{"count":1,"href":"https:\/\/www.hbrkahta.com\/index.php\/wp-json\/wp\/v2\/posts\/11585\/revisions"}],"predecessor-version":[{"id":11587,"href":"https:\/\/www.hbrkahta.com\/index.php\/wp-json\/wp\/v2\/posts\/11585\/revisions\/11587"}],"wp:featuredmedia":[{"embeddable":true,"href":"https:\/\/www.hbrkahta.com\/index.php\/wp-json\/wp\/v2\/media\/11586"}],"wp:attachment":[{"href":"https:\/\/www.hbrkahta.com\/index.php\/wp-json\/wp\/v2\/media?parent=11585"}],"wp:term":[{"taxonomy":"category","embeddable":true,"href":"https:\/\/www.hbrkahta.com\/index.php\/wp-json\/wp\/v2\/categories?post=11585"},{"taxonomy":"post_tag","embeddable":true,"href":"https:\/\/www.hbrkahta.com\/index.php\/wp-json\/wp\/v2\/tags?post=11585"}],"curies":[{"name":"wp","href":"https:\/\/api.w.org\/{rel}","templated":true}]}}