{"id":11576,"date":"2025-02-11T16:12:01","date_gmt":"2025-02-11T13:12:01","guid":{"rendered":"https:\/\/www.hbrkahta.com\/?p=11576"},"modified":"2025-02-11T16:12:01","modified_gmt":"2025-02-11T13:12:01","slug":"golbasinda-karla-mucadele-calismalari-araliksiz-suruyor","status":"publish","type":"post","link":"https:\/\/www.hbrkahta.com\/index.php\/2025\/02\/11\/golbasinda-karla-mucadele-calismalari-araliksiz-suruyor\/","title":{"rendered":"G\u00f6lba\u015f\u0131\u2019nda karla m\u00fccadele \u00e7al\u0131\u015fmalar\u0131 aral\u0131ks\u0131z s\u00fcr\u00fcyor"},"content":{"rendered":"<p>G\u00f6lba\u015f\u0131 Kaymakam\u0131 Tar\u0131k Bu\u011fra Seyhan, karla m\u00fccadele ekiplerinin sahadaki \u00e7al\u0131\u015fmalar\u0131n\u0131 yak\u0131ndan takip ederken, \u015fu ana kadar kapanan 8 k\u00f6y yolunun a\u00e7\u0131ld\u0131\u011f\u0131n\u0131, 16 k\u00f6y ve 1 beldede ise \u00e7al\u0131\u015fmalar\u0131n s\u00fcrd\u00fc\u011f\u00fcn\u00fc a\u00e7\u0131klad\u0131.<\/p>\n<p>Kaymakam Seyhan: &ldquo;Yo\u011fun Bir \u00c7aba \u0130\u00e7indeyiz&rdquo;<\/p>\n<p>Yo\u011fun kar ya\u011f\u0131\u015f\u0131n\u0131n \u00f6zellikle gece saatlerinden itibaren etkisini art\u0131rd\u0131\u011f\u0131n\u0131 belirten Kaymakam Seyhan, kar temizleme \u00e7al\u0131\u015fmalar\u0131n\u0131n h\u0131zla devam etti\u011fini s\u00f6yledi:<\/p>\n<p>&#8220;\u00d6zellikle d\u00fcn gece ba\u015flay\u0131p sabaha kadar yo\u011fun \u015fekilde devam eden kar ya\u011f\u0131\u015f\u0131 sebebiyle baz\u0131 k\u00f6y yollar\u0131m\u0131z ula\u015f\u0131ma kapand\u0131. \u0130l\u00e7e \u00d6zel \u0130dare ekiplerimiz ve K\u00f6ylere Hizmet G\u00f6t\u00fcrme Birli\u011fi personellerimiz, kapanan k\u00f6y yollar\u0131n\u0131 tekrar ula\u015f\u0131ma a\u00e7mak i\u00e7in yo\u011fun bir \u00e7aba g\u00f6stermektedir. \u015eu an itibar\u0131yla 8 k\u00f6y\u00fcm\u00fcz\u00fcn yolu ula\u015f\u0131ma a\u00e7\u0131ld\u0131, ancak 16 k\u00f6y ve 1 beldemizde \u00e7al\u0131\u015fmalar\u0131m\u0131z s\u00fcr\u00fcyor. En k\u0131sa s\u00fcrede kar temizleme \u00e7al\u0131\u015fmalar\u0131n\u0131 tamamlayarak t\u00fcm yollar\u0131 vatanda\u015flar\u0131m\u0131z\u0131n hizmetine sunmay\u0131 hedefliyoruz.&#8221;<\/p>\n<p>Vatanda\u015flar \u0130\u00e7in Uyar\u0131: Zorunlu Olmad\u0131k\u00e7a Yola \u00c7\u0131kmay\u0131n<\/p>\n<p>Yetkililer, yo\u011fun kar ya\u011f\u0131\u015f\u0131 ve tipi nedeniyle vatanda\u015flar\u0131n zorunlu olmad\u0131k\u00e7a k\u00f6y yollar\u0131n\u0131 kullanmamalar\u0131 ve trafikte dikkatli olmalar\u0131 konusunda uyar\u0131da bulundu. Ekipler, \u00f6zellikle y\u00fcksek rak\u0131ml\u0131 b\u00f6lgelerde kar k\u00fcreme ve tuzlama \u00e7al\u0131\u015fmalar\u0131n\u0131 s\u00fcrd\u00fcr\u00fcyor.<\/p>\n<p>Yetkililer ayr\u0131ca, kar ya\u011f\u0131\u015f\u0131 nedeniyle ma\u011fduriyet ya\u015fayan vatanda\u015flar\u0131n acil durumlar i\u00e7in 112 Acil \u00c7a\u011fr\u0131 Merkezi&#8217;ni arayabileceklerini duyurdu.<\/p>\n<p>Yo\u011fun \u00e7al\u0131\u015fmalar\u0131n k\u0131sa s\u00fcre i\u00e7inde tamamlanmas\u0131yla birlikte, G\u00f6lba\u015f\u0131 il\u00e7esine ba\u011fl\u0131 t\u00fcm k\u00f6y yollar\u0131n\u0131n tekrar ula\u015f\u0131ma a\u00e7\u0131lmas\u0131 hedefleniyor.<\/p><\/p>\n","protected":false},"excerpt":{"rendered":"<p> Rojin S\u00dcNG\u00dc &#8211; Ad\u0131yaman\u2019\u0131n G\u00f6lba\u015f\u0131 il\u00e7esinde etkili olan yo\u011fun kar ya\u011f\u0131\u015f\u0131 nedeniyle kapanan k\u00f6y yollar\u0131 i\u00e7in \u0130l\u00e7e \u00d6zel \u0130dare ve K\u00f6ylere Hizmet G\u00f6t\u00fcrme Birli\u011fi ekipleri harekete ge\u00e7ti. Ekipler, kapanan yollar\u0131 yeniden ula\u015f\u0131ma a\u00e7mak i\u00e7in aral\u0131ks\u0131z bir \u015fekilde \u00e7al\u0131\u015fmalar\u0131n\u0131 s\u00fcrd\u00fcr\u00fcyor.<\/p>\n","protected":false},"author":1,"featured_media":11577,"comment_status":"open","ping_status":"open","sticky":false,"template":"","format":"standard","meta":{"om_disable_all_campaigns":false,"_monsterinsights_skip_tracking":false,"_monsterinsights_sitenote_active":false,"_monsterinsights_sitenote_note":"","_monsterinsights_sitenote_category":0,"footnotes":""},"categories":[1,11],"tags":[1994,533,801,837,1013],"aioseo_notices":[],"_links":{"self":[{"href":"https:\/\/www.hbrkahta.com\/index.php\/wp-json\/wp\/v2\/posts\/11576"}],"collection":[{"href":"https:\/\/www.hbrkahta.com\/index.php\/wp-json\/wp\/v2\/posts"}],"about":[{"href":"https:\/\/www.hbrkahta.com\/index.php\/wp-json\/wp\/v2\/types\/post"}],"author":[{"embeddable":true,"href":"https:\/\/www.hbrkahta.com\/index.php\/wp-json\/wp\/v2\/users\/1"}],"replies":[{"embeddable":true,"href":"https:\/\/www.hbrkahta.com\/index.php\/wp-json\/wp\/v2\/comments?post=11576"}],"version-history":[{"count":1,"href":"https:\/\/www.hbrkahta.com\/index.php\/wp-json\/wp\/v2\/posts\/11576\/revisions"}],"predecessor-version":[{"id":11578,"href":"https:\/\/www.hbrkahta.com\/index.php\/wp-json\/wp\/v2\/posts\/11576\/revisions\/11578"}],"wp:featuredmedia":[{"embeddable":true,"href":"https:\/\/www.hbrkahta.com\/index.php\/wp-json\/wp\/v2\/media\/11577"}],"wp:attachment":[{"href":"https:\/\/www.hbrkahta.com\/index.php\/wp-json\/wp\/v2\/media?parent=11576"}],"wp:term":[{"taxonomy":"category","embeddable":true,"href":"https:\/\/www.hbrkahta.com\/index.php\/wp-json\/wp\/v2\/categories?post=11576"},{"taxonomy":"post_tag","embeddable":true,"href":"https:\/\/www.hbrkahta.com\/index.php\/wp-json\/wp\/v2\/tags?post=11576"}],"curies":[{"name":"wp","href":"https:\/\/api.w.org\/{rel}","templated":true}]}}