{"id":11573,"date":"2025-02-11T13:24:01","date_gmt":"2025-02-11T10:24:01","guid":{"rendered":"https:\/\/www.hbrkahta.com\/?p=11573"},"modified":"2025-02-11T13:24:01","modified_gmt":"2025-02-11T10:24:01","slug":"baskan-tutderenin-girisimleri-sonuc-verdi","status":"publish","type":"post","link":"https:\/\/www.hbrkahta.com\/index.php\/2025\/02\/11\/baskan-tutderenin-girisimleri-sonuc-verdi\/","title":{"rendered":"Ba\u015fkan Tutdere\u2019nin giri\u015fimleri sonu\u00e7 verdi"},"content":{"rendered":"<p>Ad\u0131yaman Belediye Ba\u015fkan\u0131 Abdurrahman Tutdere&#8217;nin i\u015f d\u00fcnyas\u0131 ile y\u00fcr\u00fctt\u00fc\u011f\u00fc temaslar, kentsel sosyal faaliyetlere katk\u0131 sa\u011flayan projelere d\u00f6n\u00fc\u015fmeye devam ediyor. S\u00f6z konusu temaslar sonucunda, Ak\u0131n Global E\u011fitim ve Yard\u0131m Vakf\u0131 taraf\u0131ndan Ad\u0131yaman&#8217;a Kre\u015f ve G\u00fcnd\u00fcz Bak\u0131mevi kazand\u0131r\u0131lacak.<br \/>\n\u0130\u015f birli\u011fi 12 A\u011fustos&#8217;taki ziyaretle ba\u015flad\u0131<br \/>\nBa\u015fkan Abdurrahman Tutdere, 12 A\u011fustos 2024 tarihinde Ak\u0131n Global E\u011fitim ve Yard\u0131m Vakf\u0131 Ba\u015fkan\u0131 Mustafa Kemal Ak\u0131n ile ger\u00e7ekle\u015ftirilen g\u00f6r\u00fc\u015fmede, Ad\u0131yaman&#8217;\u0131n \u00f6zellikle deprem sonras\u0131nda artan kre\u015f ihtiyac\u0131n\u0131n g\u00fcndeme getirilmesi g\u00fcndeme geldi. G\u00f6r\u00fc\u015fmelerin ard\u0131ndan vak\u0131f taraf\u0131ndan S\u00fcmerevler Mahallesi&#8217;ndeKre\u015f ve G\u00fcnd\u00fcz Bak\u0131mevi&#8217;nin in\u015faat\u0131na karar verildi.<br \/>\nAd\u0131yaman Belediyesi Meclisi&#8217;nde onaylanan proje kapsam\u0131nda, d\u00fczenlenecek sonra Ad\u0131yaman Belediyesi&#8217;ne devredilecek olan Kre\u015f ve G\u00fcnd\u00fcz Bak\u0131mevi&#8217;nin t\u00fcm masraflar\u0131 Ak\u0131n K\u00fcresel E\u011fitim ve Yard\u0131m Vakf\u0131 taraf\u0131ndan kar\u015f\u0131lanacak. <br \/>\n &ldquo;\u0130\u015fbirliklerimizin meyvelerini topluyoruz&rdquo; <br \/>\nKonuyla ilgili olarak \u015eubat ay\u0131 Meclis Toplant\u0131s\u0131nda a\u00e7\u0131klama yapan Ad\u0131yaman Belediye Ba\u015fkan\u0131 Abdurrahman Tutdere, &ldquo;Ak\u0131n Global E\u011fitim ve Yard\u0131m Vakf\u0131 Ba\u015fkan\u0131 Say\u0131n Mustafa Kemal Ak\u0131n ile yapt\u0131\u011f\u0131m\u0131z toplant\u0131da, kentimizin ve \u00f6zellikle depremzede \u00f6\u011frenmenin e\u011fitim alan\u0131nda al\u0131\u015fveri\u015f ihtiya\u00e7lar\u0131 oldu\u011funu belirtti. Onda hi\u00e7 kay\u0131t yapmadan &#8216;Yer \u00e7\u0131k\u0131yor, hemen ba\u015flay\u0131n&#8217; dedi. Bug\u00fcn bu i\u015f birli\u011finin meyvelerini topluyor. Ad\u0131yaman&#8217;da annelerimizin \u00e7ocuklar\u0131n\u0131 dayan\u0131kl\u0131, modern bir kre\u015fi hayata ge\u00e7irece\u011fiz.&rdquo; diye konu\u015ftu. <br \/>\n&ldquo;\u0130yilik bula\u015f\u0131c\u0131d\u0131r&rdquo;<br \/>\nAd\u0131yaman&#8217;\u0131n yeniden in\u015fas\u0131nda hay\u0131rseverlerin deste\u011finin kritik bir rol oynad\u0131\u011f\u0131n\u0131 kaydeden Tutdere, &ldquo;Bu proje sayesinde hem\u015fehrilerimizin kre\u015f ihtiyac\u0131n\u0131 kar\u015f\u0131lam\u0131\u015f olaca\u011f\u0131z hem de hay\u0131rseverlerimizin katk\u0131lar\u0131n\u0131 kentimize kazand\u0131raca\u011f\u0131z. Mustafa Kemal Bey&#8217;in yapt\u0131\u011f\u0131 bu anlaml\u0131 ba\u011f\u0131\u015f\u0131n di\u011fer hay\u0131rseverlerimize de \u00f6rnek verilmesi sa\u011flanmaktad\u0131r. \u00c7\u00fcnk\u00fc iyilik iyidir. Dayan\u0131\u015fma i\u00e7inde, <\/p><\/p>\n","protected":false},"excerpt":{"rendered":"<p> Ad\u0131yaman Belediye Ba\u015fkan\u0131 Abdurrahman Tutdere&#8217;nin i\u015f d\u00fcnyas\u0131 ile y\u00fcr\u00fctt\u00fc\u011f\u00fc temaslar, kentsel sosyal faaliyetlere katk\u0131 sa\u011flayan projelere d\u00f6n\u00fc\u015fmeye devam ediyor. S\u00f6z konusu temaslar sonucunda, Ak\u0131n Global E\u011fitim ve Yard\u0131m Vakf\u0131 taraf\u0131ndan Ad\u0131yaman&#8217;a Kre\u015f ve G\u00fcnd\u00fcz Bak\u0131mevi kazand\u0131r\u0131lacak.<\/p>\n","protected":false},"author":1,"featured_media":11574,"comment_status":"open","ping_status":"open","sticky":false,"template":"","format":"standard","meta":{"om_disable_all_campaigns":false,"_monsterinsights_skip_tracking":false,"_monsterinsights_sitenote_active":false,"_monsterinsights_sitenote_note":"","_monsterinsights_sitenote_category":0,"footnotes":""},"categories":[1,11],"tags":[559,1993,545,312,1014],"aioseo_notices":[],"_links":{"self":[{"href":"https:\/\/www.hbrkahta.com\/index.php\/wp-json\/wp\/v2\/posts\/11573"}],"collection":[{"href":"https:\/\/www.hbrkahta.com\/index.php\/wp-json\/wp\/v2\/posts"}],"about":[{"href":"https:\/\/www.hbrkahta.com\/index.php\/wp-json\/wp\/v2\/types\/post"}],"author":[{"embeddable":true,"href":"https:\/\/www.hbrkahta.com\/index.php\/wp-json\/wp\/v2\/users\/1"}],"replies":[{"embeddable":true,"href":"https:\/\/www.hbrkahta.com\/index.php\/wp-json\/wp\/v2\/comments?post=11573"}],"version-history":[{"count":1,"href":"https:\/\/www.hbrkahta.com\/index.php\/wp-json\/wp\/v2\/posts\/11573\/revisions"}],"predecessor-version":[{"id":11575,"href":"https:\/\/www.hbrkahta.com\/index.php\/wp-json\/wp\/v2\/posts\/11573\/revisions\/11575"}],"wp:featuredmedia":[{"embeddable":true,"href":"https:\/\/www.hbrkahta.com\/index.php\/wp-json\/wp\/v2\/media\/11574"}],"wp:attachment":[{"href":"https:\/\/www.hbrkahta.com\/index.php\/wp-json\/wp\/v2\/media?parent=11573"}],"wp:term":[{"taxonomy":"category","embeddable":true,"href":"https:\/\/www.hbrkahta.com\/index.php\/wp-json\/wp\/v2\/categories?post=11573"},{"taxonomy":"post_tag","embeddable":true,"href":"https:\/\/www.hbrkahta.com\/index.php\/wp-json\/wp\/v2\/tags?post=11573"}],"curies":[{"name":"wp","href":"https:\/\/api.w.org\/{rel}","templated":true}]}}