{"id":11570,"date":"2025-02-11T13:00:00","date_gmt":"2025-02-11T10:00:00","guid":{"rendered":"https:\/\/www.hbrkahta.com\/?p=11570"},"modified":"2025-02-11T13:00:00","modified_gmt":"2025-02-11T10:00:00","slug":"cocuk-sagligi-ve-hastaliklari-uzmani-dr-halime-helin-demir-hasta-kabulune-basladi","status":"publish","type":"post","link":"https:\/\/www.hbrkahta.com\/index.php\/2025\/02\/11\/cocuk-sagligi-ve-hastaliklari-uzmani-dr-halime-helin-demir-hasta-kabulune-basladi\/","title":{"rendered":"\u00c7ocuk Sa\u011fl\u0131\u011f\u0131 ve Hastal\u0131klar\u0131 Uzman\u0131 Dr. Halime Helin Demir hasta kabul\u00fcne ba\u015flad\u0131"},"content":{"rendered":"<p>1993 y\u0131l\u0131nda \u0130stanbul\u2019da d\u00fcnyaya gelen Dr. Halime Helin Demir, 2012-2018 y\u0131llar\u0131 aras\u0131nda T\u0131p e\u011fitimini \u0130stanbul Yeditepe \u00dcniversitesi\u2019nde tamamlad\u0131. 2019 y\u0131l\u0131nda T\u0131pta Uzmanl\u0131k S\u0131nav\u0131nda (TUS) \u00dcmraniye E\u011fitim Ara\u015ft\u0131rma Hastanesi \u00c7ocuk Sa\u011fl\u0131\u011f\u0131 ve Hastal\u0131klar\u0131 b\u00f6l\u00fcm\u00fcn\u00fc kazand\u0131. 2019-2024 y\u0131llar\u0131 aras\u0131nda \u00c7ocuk Sa\u011fl\u0131\u011f\u0131 ve Hastal\u0131klar\u0131 Uzmanl\u0131k e\u011fitiminin ard\u0131ndan Sa\u011fl\u0131k Bakanl\u0131\u011f\u0131 120. D\u00f6nem Devlet Hizmeti Y\u00fck\u00fcml\u00fcl\u00fc\u011f\u00fc Kuras\u0131 (DHY) kapsam\u0131nda Besni Devlet Hastanesi\u2019ne \u00c7ocuk Sa\u011fl\u0131\u011f\u0131 ve Hastal\u0131klar\u0131 Uzman\u0131 olarak atand\u0131. <br \/>\nBesni Devlet Hastanesi\u2019ne atanan \u00c7ocuk Sa\u011fl\u0131\u011f\u0131 ve Hastal\u0131klar\u0131 Uzman\u0131 Dr. Halime Helin Demir, hasta kabul\u00fcne ba\u015flad\u0131.\n <\/p><\/p>\n","protected":false},"excerpt":{"rendered":"<p> Ad\u0131yaman&#8217;\u0131n Besni il\u00e7esinde, 120. D\u00f6nem Devlet Hizmet Y\u00fck\u00fcml\u00fcl\u00fc\u011f\u00fc Kuras\u0131 kapsam\u0131nda atanan \u00c7ocuk Sa\u011fl\u0131\u011f\u0131 ve Hastal\u0131klar\u0131 Uzman\u0131 Dr. Halime Helin Demir, hasta kabul\u00fcne ba\u015flad\u0131.<\/p>\n","protected":false},"author":1,"featured_media":11571,"comment_status":"open","ping_status":"open","sticky":false,"template":"","format":"standard","meta":{"om_disable_all_campaigns":false,"_monsterinsights_skip_tracking":false,"_monsterinsights_sitenote_active":false,"_monsterinsights_sitenote_note":"","_monsterinsights_sitenote_category":0,"footnotes":""},"categories":[1,11,13],"tags":[162],"aioseo_notices":[],"_links":{"self":[{"href":"https:\/\/www.hbrkahta.com\/index.php\/wp-json\/wp\/v2\/posts\/11570"}],"collection":[{"href":"https:\/\/www.hbrkahta.com\/index.php\/wp-json\/wp\/v2\/posts"}],"about":[{"href":"https:\/\/www.hbrkahta.com\/index.php\/wp-json\/wp\/v2\/types\/post"}],"author":[{"embeddable":true,"href":"https:\/\/www.hbrkahta.com\/index.php\/wp-json\/wp\/v2\/users\/1"}],"replies":[{"embeddable":true,"href":"https:\/\/www.hbrkahta.com\/index.php\/wp-json\/wp\/v2\/comments?post=11570"}],"version-history":[{"count":1,"href":"https:\/\/www.hbrkahta.com\/index.php\/wp-json\/wp\/v2\/posts\/11570\/revisions"}],"predecessor-version":[{"id":11572,"href":"https:\/\/www.hbrkahta.com\/index.php\/wp-json\/wp\/v2\/posts\/11570\/revisions\/11572"}],"wp:featuredmedia":[{"embeddable":true,"href":"https:\/\/www.hbrkahta.com\/index.php\/wp-json\/wp\/v2\/media\/11571"}],"wp:attachment":[{"href":"https:\/\/www.hbrkahta.com\/index.php\/wp-json\/wp\/v2\/media?parent=11570"}],"wp:term":[{"taxonomy":"category","embeddable":true,"href":"https:\/\/www.hbrkahta.com\/index.php\/wp-json\/wp\/v2\/categories?post=11570"},{"taxonomy":"post_tag","embeddable":true,"href":"https:\/\/www.hbrkahta.com\/index.php\/wp-json\/wp\/v2\/tags?post=11570"}],"curies":[{"name":"wp","href":"https:\/\/api.w.org\/{rel}","templated":true}]}}