{"id":11476,"date":"2025-02-08T02:36:03","date_gmt":"2025-02-07T23:36:03","guid":{"rendered":"https:\/\/www.hbrkahta.com\/?p=11476"},"modified":"2025-02-08T02:36:03","modified_gmt":"2025-02-07T23:36:03","slug":"dem-parti-es-genel-baskani-bakirhan-ihmal-can-aldi-sorunlar-cozulmeyi-bekliyor","status":"publish","type":"post","link":"https:\/\/www.hbrkahta.com\/index.php\/2025\/02\/08\/dem-parti-es-genel-baskani-bakirhan-ihmal-can-aldi-sorunlar-cozulmeyi-bekliyor\/","title":{"rendered":"DEM Parti E\u015f Genel Ba\u015fkan\u0131 Bak\u0131rhan: &#8216;\u0130hmal can ald\u0131, sorunlar \u00e7\u00f6z\u00fclmeyi bekliyor&#8217;"},"content":{"rendered":"<p>Gece 4:17&#8217;de Saat Kulesine Karanfil B\u0131rak\u0131ld\u0131<\/p>\n<p>Depremin meydana geldi\u011fi saat olan 04:17\u2019de, Ad\u0131yaman Saat Kulesi \u00f6n\u00fcnde bir araya gelen DEM Parti y\u00f6neticileri, milletvekilleri, partililer ve vatanda\u015flar, depremde ya\u015fam\u0131n\u0131 yitirenler an\u0131s\u0131na karanfil b\u0131rakt\u0131.<\/p>\n<p>Bas\u0131na a\u00e7\u0131klamada bulunan DEM Parti E\u015f Genel Ba\u015fkan\u0131 Tuncer Bak\u0131rhan, depremde ya\u015fanan can kay\u0131plar\u0131n\u0131n ihmal ve yetersiz \u00f6nlemler nedeniyle artt\u0131\u011f\u0131n\u0131 belirterek \u015fu ifadeleri kulland\u0131:<\/p>\n<p>&#8220;Deprem de\u011fil, ihmaller \u00f6ld\u00fcrd\u00fc. 6 \u015eubat 2023\u2019te ya\u015fanan felaketten ders \u00e7\u0131kar\u0131lmad\u0131. Ad\u0131yaman ba\u015fta olmak \u00fczere deprem b\u00f6lgesinde ya\u015fayan insanlar h&acirc;l&acirc; temel ihtiya\u00e7lar\u0131n\u0131 kar\u015f\u0131lamakta zorlan\u0131yor. Konteynerlerde ya\u015fam m\u00fccadelesi veriliyor. Bar\u0131nma, sa\u011fl\u0131k ve istihdam konular\u0131nda h&acirc;l&acirc; ciddi eksiklikler var. \u0130ktidar, b\u00fcy\u00fck s\u00f6zler verdi ancak 2 y\u0131l ge\u00e7mesine ra\u011fmen \u00e7\u00f6z\u00fcmler \u00fcretilmedi.&#8221;<\/p>\n<p>Kahta \u0130l\u00e7esinde Depremzedeler Ziyaret Edildi<\/p>\n<p>DEM Parti heyeti, anma program\u0131n\u0131n sabah saatlerinde Kahta il\u00e7esi ziyaretiyle devam etti. Kahta DEM Parti \u0130l\u00e7e Binas\u0131\u2019nda partililerle bir araya gelen Bak\u0131rhan ve beraberindeki heyet, daha sonra 100. Y\u0131l Park\u0131\u2019nda esnaf ziyareti ger\u00e7ekle\u015ftirerek b\u00f6lgedeki ekonomik s\u0131k\u0131nt\u0131lar\u0131 yerinde dinledi.<\/p>\n<p>Esnaflar, artan maliyetler ve ekonomik durgunluk nedeniyle i\u015f yapamaz hale geldiklerini, deprem sonras\u0131 toparlanman\u0131n gecikti\u011fini ifade ederken, Bak\u0131rhan ise h\u00fck\u00fcmetin yerel esnaf\u0131 desteklemesi gerekti\u011fini belirtti.<\/p>\n<p>Depremde Hayat\u0131n\u0131 Kaybedenler Mezarl\u0131klarda An\u0131ld\u0131<\/p>\n<p>Kahta\u2019daki program\u0131n ard\u0131ndan, Kahta Mezarl\u0131\u011f\u0131 ziyaret edilerek, depremde hayat\u0131n\u0131 kaybedenlerin mezarlar\u0131na karanfil b\u0131rak\u0131ld\u0131. Bak\u0131rhan ve DEM Parti heyeti, burada k\u0131sa bir anma ger\u00e7ekle\u015ftirdi.<\/p>\n<p>Daha sonra Ad\u0131yaman merkeze ge\u00e7en DEM Parti heyeti, Karap\u0131nar Mezarl\u0131\u011f\u0131\u2019nda da depremde ya\u015fam\u0131n\u0131 yitiren yurtta\u015flar\u0131 and\u0131. Mezar ba\u015flar\u0131nda dualar edilerek, karanfiller b\u0131rak\u0131ld\u0131.<\/p>\n<p>&#8220;Ad\u0131yaman Halk\u0131 H&acirc;l&acirc; Ma\u011fdur, Sorunlar \u00c7\u00f6z\u00fclmeyi Bekliyor&#8221;<\/p>\n<p>DEM Parti, anma etkinlikleri kapsam\u0131nda Ad\u0131yaman halk\u0131yla geni\u015f kat\u0131l\u0131ml\u0131 bir halk bulu\u015fmas\u0131 ger\u00e7ekle\u015ftirdi. \u0130nci D\u00fc\u011f\u00fcn Salonu\u2019nda d\u00fczenlenen toplant\u0131da, deprem sonras\u0131 ya\u015fanan sorunlar ve \u00e7\u00f6z\u00fcme y\u00f6nelik at\u0131lmas\u0131 gereken ad\u0131mlar masaya yat\u0131r\u0131ld\u0131.<\/p>\n<p>Halk bulu\u015fmas\u0131nda konu\u015fan E\u015f Genel Ba\u015fkan Tuncer Bak\u0131rhan, iktidar\u0131n deprem b\u00f6lgesine y\u00f6nelik ihmalk&acirc;r tutumunu ele\u015ftirdi ve Ad\u0131yaman halk\u0131n\u0131n h&acirc;l&acirc; temel insani ihtiya\u00e7lar konusunda ma\u011fduriyet ya\u015fad\u0131\u011f\u0131n\u0131 vurgulad\u0131:<\/p>\n<p>&#8220;Depremden bu yana ge\u00e7en 2 y\u0131lda Ad\u0131yaman halk\u0131n\u0131n \u00e7ekti\u011fi s\u0131k\u0131nt\u0131lar bitmedi. On binlerce insan konteynerlerde ya\u015famaya mahk&ucirc;m edildi. Depremzedelere verilen s\u00f6zler yerine getirilmedi. Konutlar tamamlanmad\u0131, sa\u011fl\u0131k hizmetleri yetersiz, e\u011fitim alan\u0131nda b\u00fcy\u00fck sorunlar var. \u0130stihdam yok, i\u015f yerleri kapand\u0131, ekonomik zorluklar halk\u0131 daha da \u00e7aresiz b\u0131rak\u0131yor.&#8221;<\/p>\n<p>Bak\u0131rhan, iktidar\u0131n rant odakl\u0131 projelere y\u00f6neldi\u011fini, depremzedelerin ise g\u00f6rmezden gelindi\u011fini ifade ederek, \u015fu \u00e7a\u011fr\u0131da bulundu:<\/p>\n<p>&#8220;Ad\u0131yaman halk\u0131 yaln\u0131z de\u011fildir. DEM Parti olarak halk\u0131m\u0131z\u0131n yan\u0131nday\u0131z. Bar\u0131nma ve sosyal haklar konusunda iktidar\u0131n sorumluluklar\u0131n\u0131 yerine getirmesi i\u00e7in m\u00fccadelemizi s\u00fcrd\u00fcrece\u011fiz. Depremzedelerin haklar\u0131n\u0131 almak i\u00e7in halk\u0131m\u0131zla birlikte direnmeye devam edece\u011fiz.&#8221;<\/p>\n<p>Anma Program\u0131: Depremzedeler \u0130\u00e7in \u00c7\u00f6z\u00fcm \u00c7a\u011fr\u0131s\u0131<\/p>\n<p>DEM Parti\u2019nin 6 \u015eubat anma program\u0131 kapsam\u0131nda yap\u0131lan ziyaretler ve halk bulu\u015fmas\u0131, depremzedelerin ya\u015fad\u0131\u011f\u0131 zorluklara dikkat \u00e7ekerek, h\u00fck\u00fcmetin bu sorunlar\u0131 \u00e7\u00f6zme konusunda somut ad\u0131mlar atmas\u0131 gerekti\u011fi mesaj\u0131n\u0131 verdi.<\/p>\n<p>DEM Parti y\u00f6neticileri, depremzedelerin haklar\u0131n\u0131 savunmaya devam edeceklerini ve b\u00f6lgedeki sorunlar\u0131n takip\u00e7isi olacaklar\u0131n\u0131 belirterek, iktidara bir kez daha halk\u0131n sesini duymas\u0131 ve acil \u00e7\u00f6z\u00fcm \u00fcretmesi \u00e7a\u011fr\u0131s\u0131nda bulundu.<\/p><\/p>\n","protected":false},"excerpt":{"rendered":"<p> Rojin S\u00dcNG\u00dc &#8211; DEM Parti, 6 \u015eubat 2023 tarihinde meydana gelen depremin ikinci y\u0131l d\u00f6n\u00fcm\u00fcnde, hayat\u0131n\u0131 kaybedenleri anmak ve depremzedelerin sorunlar\u0131na dikkat \u00e7ekmek amac\u0131yla Ad\u0131yaman\u2019da bir dizi etkinlik ger\u00e7ekle\u015ftirdi. E\u015f Genel Ba\u015fkan Tuncer Bak\u0131rhan\u2019\u0131n da kat\u0131l\u0131m\u0131yla d\u00fczenlenen anma program\u0131nda, depremin \u00fczerinden iki y\u0131l ge\u00e7mesine ra\u011fmen Ad\u0131yaman halk\u0131n\u0131n ma\u011fduriyetlerinin devam etti\u011fi vurguland\u0131.<\/p>\n","protected":false},"author":1,"featured_media":11477,"comment_status":"open","ping_status":"open","sticky":false,"template":"","format":"standard","meta":{"om_disable_all_campaigns":false,"_monsterinsights_skip_tracking":false,"_monsterinsights_sitenote_active":false,"_monsterinsights_sitenote_note":"","_monsterinsights_sitenote_category":0,"footnotes":""},"categories":[1,11],"tags":[559,1980,1319,588,1002],"aioseo_notices":[],"_links":{"self":[{"href":"https:\/\/www.hbrkahta.com\/index.php\/wp-json\/wp\/v2\/posts\/11476"}],"collection":[{"href":"https:\/\/www.hbrkahta.com\/index.php\/wp-json\/wp\/v2\/posts"}],"about":[{"href":"https:\/\/www.hbrkahta.com\/index.php\/wp-json\/wp\/v2\/types\/post"}],"author":[{"embeddable":true,"href":"https:\/\/www.hbrkahta.com\/index.php\/wp-json\/wp\/v2\/users\/1"}],"replies":[{"embeddable":true,"href":"https:\/\/www.hbrkahta.com\/index.php\/wp-json\/wp\/v2\/comments?post=11476"}],"version-history":[{"count":1,"href":"https:\/\/www.hbrkahta.com\/index.php\/wp-json\/wp\/v2\/posts\/11476\/revisions"}],"predecessor-version":[{"id":11478,"href":"https:\/\/www.hbrkahta.com\/index.php\/wp-json\/wp\/v2\/posts\/11476\/revisions\/11478"}],"wp:featuredmedia":[{"embeddable":true,"href":"https:\/\/www.hbrkahta.com\/index.php\/wp-json\/wp\/v2\/media\/11477"}],"wp:attachment":[{"href":"https:\/\/www.hbrkahta.com\/index.php\/wp-json\/wp\/v2\/media?parent=11476"}],"wp:term":[{"taxonomy":"category","embeddable":true,"href":"https:\/\/www.hbrkahta.com\/index.php\/wp-json\/wp\/v2\/categories?post=11476"},{"taxonomy":"post_tag","embeddable":true,"href":"https:\/\/www.hbrkahta.com\/index.php\/wp-json\/wp\/v2\/tags?post=11476"}],"curies":[{"name":"wp","href":"https:\/\/api.w.org\/{rel}","templated":true}]}}