{"id":11281,"date":"2025-02-05T16:48:09","date_gmt":"2025-02-05T13:48:09","guid":{"rendered":"https:\/\/www.hbrkahta.com\/?p=11281"},"modified":"2025-02-05T16:48:09","modified_gmt":"2025-02-05T13:48:09","slug":"ahmet-davutoglu-adiyamana-geldi-konteyner-yasami-kalici-hale-geldi-bu-kabul-edilemez","status":"publish","type":"post","link":"https:\/\/www.hbrkahta.com\/index.php\/2025\/02\/05\/ahmet-davutoglu-adiyamana-geldi-konteyner-yasami-kalici-hale-geldi-bu-kabul-edilemez\/","title":{"rendered":"Ahmet Davuto\u011flu Ad\u0131yaman&#8217;a geldi: &#8216;Konteyner ya\u015fam\u0131 kal\u0131c\u0131 hale geldi, bu kabul edilemez&#8217;"},"content":{"rendered":"<p>Ba\u015fkan Tutdere: &#8220;Ad\u0131yaman\u2019\u0131n Bar\u0131nma ve Su Sorunu Devam Ediyor&#8221;<\/p>\n<p>Ad\u0131yaman Belediye Ba\u015fkan\u0131 Abdurrahman Tutdere, 6 \u015eubat depremlerinin ikinci y\u0131l d\u00f6n\u00fcm\u00fc yakla\u015f\u0131rken Ad\u0131yaman halk\u0131n\u0131n ya\u015fad\u0131\u011f\u0131 zorluklar\u0131 dile getirdi. Davuto\u011flu\u2019nun ziyaretinden duydu\u011fu memnuniyeti ifade eden Tutdere, \u00f6zellikle bar\u0131nma ve i\u00e7me suyu sorunlar\u0131na dikkat \u00e7ekerek merkezi h\u00fck\u00fcmetin deste\u011finin gerekli oldu\u011funu vurgulad\u0131.<\/p>\n<p>&#8220;Ad\u0131yaman, depremin etkilerini derinden hisseden \u015fehirlerden biri. G\u00f6reve geldi\u011fimizden bu yana halk\u0131m\u0131z\u0131n yaralar\u0131n\u0131 sarmak i\u00e7in gece g\u00fcnd\u00fcz \u00e7al\u0131\u015f\u0131yoruz. Ancak bar\u0131nma ve i\u00e7me suyu en b\u00fcy\u00fck sorunlar\u0131m\u0131z\u0131n ba\u015f\u0131nda geliyor. \u00c7elikhan\u2019dan gelen su kaynaklar\u0131 giderek azal\u0131yor, kurakl\u0131k nedeniyle su sorunu giderek b\u00fcy\u00fcyor. Bu konuda ilgili bakanl\u0131klarla ve kurumlarla temaslar\u0131m\u0131z devam ediyor. Ad\u0131yaman\u2019\u0131 g\u00fcndemde tutman\u0131z, sorunlar\u0131n \u00e7\u00f6z\u00fcm\u00fcn\u00fc kolayla\u015ft\u0131racakt\u0131r.&#8221;<\/p>\n<p>&#8220;Belediyemizin Hizmet Binas\u0131 Bile Yok&#8221;<\/p>\n<p>Ba\u015fkan Tutdere, belediye b\u00fct\u00e7esinin yetersizli\u011fi ve personel eksikli\u011fi gibi sorunlara da de\u011findi.<\/p>\n<p>&#8220;Belediyemize ek b\u00fct\u00e7e sa\u011flanmad\u0131\u011f\u0131 i\u00e7in deprem sonras\u0131 ek giderleri kar\u015f\u0131lamakta zorlan\u0131yoruz. Su \u015febekemiz b\u00fcy\u00fck hasar g\u00f6rd\u00fc, s\u00fcrekli ar\u0131zalar ya\u015fan\u0131yor. Yeni personel al\u0131m\u0131 yapam\u0131yoruz \u00e7\u00fcnk\u00fc b\u00fct\u00e7emiz k\u0131s\u0131tl\u0131. Belediyemizin \u0130ller Bankas\u0131 d\u0131\u015f\u0131nda hi\u00e7bir geliri yok. Konut projelerinden al\u0131nan har\u00e7lar da muaf oldu\u011fu i\u00e7in belediyeye ek gelir sa\u011flanam\u0131yor. Hizmet binam\u0131z bile yok, k\u00fc\u00e7\u00fck bir alanda \u00e7al\u0131\u015fmalar\u0131m\u0131z\u0131 s\u00fcrd\u00fcr\u00fcyoruz. TOK\u0130 ve \u00c7evre, \u015eehircilik ve \u0130klim De\u011fi\u015fikli\u011fi Bakanl\u0131\u011f\u0131, y\u0131k\u0131lan belediye binalar\u0131n\u0131 yeniden in\u015fa edebilir, ancak biz bunu kendi b\u00fct\u00e7emizle yapmak zorunday\u0131z. Bu konuda destek bekliyoruz.&#8221;<\/p>\n<p>&#8220;Yerinde D\u00f6n\u00fc\u015f\u00fcmde En \u0130yisi Biziz&#8221;<\/p>\n<p>T\u00fcm bu zorluklara ra\u011fmen Ad\u0131yaman&#8217;da yerinde d\u00f6n\u00fc\u015f\u00fcm \u00e7al\u0131\u015fmalar\u0131nda b\u00fcy\u00fck bir ilerleme kaydedildi\u011fini belirten Tutdere, \u015fu bilgileri payla\u015ft\u0131:<\/p>\n<p>&#8220;\u015eu anda Ad\u0131yaman\u2019da 10 bine yak\u0131n yerinde d\u00f6n\u00fc\u015f\u00fcm projesi devam ediyor. Bu konuda deprem illeri aras\u0131nda en h\u0131zl\u0131 ilerleyen \u015fehir biziz.&#8221;<\/p>\n<p>Davuto\u011flu: &#8220;Konteyner Ya\u015fam\u0131 Art\u0131k Kal\u0131c\u0131 Hale Geldi, Bu Kabul Edilemez&#8221;<\/p>\n<p>Ad\u0131yaman\u2019daki incelemeleri s\u0131ras\u0131nda konteyner kentleri de ziyaret eden Ahmet Davuto\u011flu, konteynerde ya\u015fayan binlerce vatanda\u015f\u0131n ge\u00e7ici konutlardan kal\u0131c\u0131 konutlara ta\u015f\u0131namamas\u0131n\u0131 ele\u015ftirdi.<\/p>\n<p>*&#8221;Depremin ikinci g\u00fcn\u00fc buradayd\u0131k. O g\u00fcnler g\u00f6z\u00fcm\u00fcn \u00f6n\u00fcnden gitmiyor. \u015eimdi de konteyner kenti ziyaret ettik ve orada g\u00f6rd\u00fcklerimiz ger\u00e7ekten i\u00e7ler ac\u0131s\u0131. Ad\u0131yaman\u2019da 70 bin ki\u015fi, Malatya\u2019da 120 bin ki\u015fi olmak \u00fczere toplamda 691 bin vatanda\u015f h&acirc;l&acirc; konteynerlerde ya\u015f\u0131yor.<\/p>\n<p>Konteynerlerde ya\u015fayan insanlar\u0131m\u0131z\u0131n \u00e7o\u011fu \u00f6nceden kendi evleri olan ki\u015filerdi. Ancak iki y\u0131ld\u0131r 21 metrekarelik konteyn\u0131rlarda ya\u015famaya mahk&ucirc;m edildiler. Bu kabul edilemez. Art\u0131k yerle\u015fik bir konteyner hayat\u0131 olu\u015fmu\u015f durumda. \u00d6zellikle \u00e7ocuklar\u0131n bu \u015fartlar alt\u0131nda b\u00fcy\u00fcmesi \u00e7ok \u00fcz\u00fcc\u00fc.&#8221;*<\/p>\n<p>Davuto\u011flu, Ad\u0131yaman\u2019daki g\u00f6zlemlerini \u00e7ar\u015famba g\u00fcn\u00fc TBMM grup toplant\u0131s\u0131nda detayl\u0131 bir \u015fekilde payla\u015faca\u011f\u0131n\u0131 ve deprem b\u00f6lgesindeki di\u011fer illere de ziyaretlerde bulunaca\u011f\u0131n\u0131 a\u00e7\u0131klad\u0131:<\/p>\n<p>&#8220;Meclis\u2019te Malatya ve Ad\u0131yaman\u2019daki g\u00f6zlemlerimizi payla\u015faca\u011f\u0131z. Depremin y\u0131l d\u00f6n\u00fcm\u00fcnde Kahramanmara\u015f ve Hatay\u2019a da gidece\u011fim ve izlenimlerimi kamuoyuna aktaraca\u011f\u0131m.&#8221;<\/p>\n<p>Anlaml\u0131 Hediye: Saat Kulesi ve Kilim<\/p>\n<p>Ziyaretin sonunda, Ba\u015fkan Abdurrahman Tutdere, Gelecek Partisi Genel Ba\u015fkan\u0131 Ahmet Davuto\u011flu\u2019na 6 \u015eubat depreminin simgesi olan saat kulesi ve bir kilim hediye etti.<\/p><\/p>\n","protected":false},"excerpt":{"rendered":"<p> G\u00fclbahar S\u00dcNG\u00dc &#8211; Gelecek Partisi Genel Ba\u015fkan\u0131 Ahmet Davuto\u011flu, bir dizi ziyaret ve temaslarda bulunmak \u00fczere Ad\u0131yaman\u2019a geldi. Ziyaret kapsam\u0131nda Ad\u0131yaman Belediye Ba\u015fkan\u0131 Abdurrahman Tutdere ile bir araya gelen Davuto\u011flu, kentte y\u00fcr\u00fct\u00fclen \u00e7al\u0131\u015fmalar\u0131 de\u011ferlendirdi ve deprem sonras\u0131 \u00e7\u00f6z\u00fcm bekleyen sorunlara dikkat \u00e7ekti.<\/p>\n","protected":false},"author":1,"featured_media":11282,"comment_status":"open","ping_status":"open","sticky":false,"template":"","format":"standard","meta":{"om_disable_all_campaigns":false,"_monsterinsights_skip_tracking":false,"_monsterinsights_sitenote_active":false,"_monsterinsights_sitenote_note":"","_monsterinsights_sitenote_category":0,"footnotes":""},"categories":[1,11],"tags":[559,295,587,588,1491],"aioseo_notices":[],"_links":{"self":[{"href":"https:\/\/www.hbrkahta.com\/index.php\/wp-json\/wp\/v2\/posts\/11281"}],"collection":[{"href":"https:\/\/www.hbrkahta.com\/index.php\/wp-json\/wp\/v2\/posts"}],"about":[{"href":"https:\/\/www.hbrkahta.com\/index.php\/wp-json\/wp\/v2\/types\/post"}],"author":[{"embeddable":true,"href":"https:\/\/www.hbrkahta.com\/index.php\/wp-json\/wp\/v2\/users\/1"}],"replies":[{"embeddable":true,"href":"https:\/\/www.hbrkahta.com\/index.php\/wp-json\/wp\/v2\/comments?post=11281"}],"version-history":[{"count":1,"href":"https:\/\/www.hbrkahta.com\/index.php\/wp-json\/wp\/v2\/posts\/11281\/revisions"}],"predecessor-version":[{"id":11283,"href":"https:\/\/www.hbrkahta.com\/index.php\/wp-json\/wp\/v2\/posts\/11281\/revisions\/11283"}],"wp:featuredmedia":[{"embeddable":true,"href":"https:\/\/www.hbrkahta.com\/index.php\/wp-json\/wp\/v2\/media\/11282"}],"wp:attachment":[{"href":"https:\/\/www.hbrkahta.com\/index.php\/wp-json\/wp\/v2\/media?parent=11281"}],"wp:term":[{"taxonomy":"category","embeddable":true,"href":"https:\/\/www.hbrkahta.com\/index.php\/wp-json\/wp\/v2\/categories?post=11281"},{"taxonomy":"post_tag","embeddable":true,"href":"https:\/\/www.hbrkahta.com\/index.php\/wp-json\/wp\/v2\/tags?post=11281"}],"curies":[{"name":"wp","href":"https:\/\/api.w.org\/{rel}","templated":true}]}}