{"id":11278,"date":"2025-02-05T16:24:04","date_gmt":"2025-02-05T13:24:04","guid":{"rendered":"https:\/\/www.hbrkahta.com\/?p=11278"},"modified":"2025-02-05T16:24:04","modified_gmt":"2025-02-05T13:24:04","slug":"erkan-cimendenden-6-subat-depremlerinin-ikinci-yil-donumunde-siirli-mesaj","status":"publish","type":"post","link":"https:\/\/www.hbrkahta.com\/index.php\/2025\/02\/05\/erkan-cimendenden-6-subat-depremlerinin-ikinci-yil-donumunde-siirli-mesaj\/","title":{"rendered":"Erkan \u00c7imenden&#8217;den 6 \u015eubat depremlerinin ikinci y\u0131l d\u00f6n\u00fcm\u00fcnde \u015fiirli mesaj"},"content":{"rendered":"<p>&#8220;\u0130nsanlar \u0130kiye Ayr\u0131ld\u0131: \u0130nsanl\u0131\u011f\u0131n\u0131 Kaybedenler ve Kazananlar&#8221;<\/p>\n<p>\u00c7imenden\u2019in \u015fiirinde, depremde ya\u015fanan \u00e7aresizlik, ihmaller, f\u0131rsat\u00e7\u0131l\u0131k yapanlar ve ya\u015fanan trajedinin insanl\u0131k i\u00e7in bir ibret oldu\u011fu vurguland\u0131.<\/p>\n<p>&#8220;Umudun ilk kez ac\u0131lar i\u00e7inde k\u0131vranarak intihara ko\u015ftu\u011funu g\u00f6rd\u00fcm<\/p>\n<p>Uyanman\u0131n uyumak oldu\u011funu da g\u00f6rd\u00fcm<\/p>\n<p>Terastaki \u00e7i\u00e7eklerin de a\u00e7t\u0131klar\u0131ndan dolay\u0131 ilk kez utand\u0131klar\u0131n\u0131 g\u00f6rd\u00fcm<\/p>\n<p>B\u00fcy\u00fck aldan\u0131\u015f\u0131m\u0131z\u0131, garantide olmad\u0131\u011f\u0131m\u0131z\u0131 g\u00f6rd\u00fcm.&#8221;<\/p>\n<p>\u00c7imenden, ya\u015fanan felakette f\u0131rsat\u00e7\u0131l\u0131k yapanlar\u0131 ve duyars\u0131z kalanlar\u0131 ele\u015ftirerek, depremi reklam malzemesi haline getirenleri vicdans\u0131zl\u0131kla su\u00e7lad\u0131.<\/p>\n<p>&#8220;Sanmay\u0131n ki sadece beton alt\u0131ndaki insanlar imtihanda<\/p>\n<p>Senin imtihan\u0131n da onlar\u0131n ac\u0131s\u0131yla ne kadar alakadar olu\u015funda&hellip;<\/p>\n<p>Ya insanl\u0131\u011f\u0131n\u0131 kaybetmi\u015f mahl&ucirc;katlar, ya\u011fmac\u0131lar, f\u0131rsat\u00e7\u0131lar,<\/p>\n<p>Hatta depremi bile reklam i\u00e7in kullananlar&hellip;&#8221;<\/p>\n<p>&#8220;Deprem Bir \u0130mtihand\u0131, Ama Su\u00e7lular Kendini Teselli Etmesin&#8221;<\/p>\n<p>Erkan \u00c7imenden, depremi bir imtihan olarak de\u011ferlendirirken, ihmal ve ihmalkarl\u0131\u011f\u0131n bir felakete d\u00f6n\u00fc\u015ft\u00fc\u011f\u00fcn\u00fc ve su\u00e7lular\u0131n bunun ard\u0131na s\u0131\u011f\u0131nmamas\u0131 gerekti\u011fini dile getirdi.<\/p>\n<p>&#8220;B\u00fcy\u00fck bir ihmal, b\u00fcy\u00fck bir k\u0131y\u0131m var<\/p>\n<p>Zaman\u0131 gelince ilahi senaryonun felaket \u00e7anlar\u0131 onlar i\u00e7in de \u00e7alar&hellip;<\/p>\n<p>Nas\u0131l olsun ki, unutacak olanlar\u0131 da vicdans\u0131zl\u0131\u011f\u0131n, adaletsizli\u011fin laneti sarar.&#8221;<\/p>\n<p>&#8220;Depremde Ya\u015fanan Fedakarl\u0131klar Unutulmayacak&#8221;<\/p>\n<p>\u015eiirinde, depremde ya\u015fanan fedak&acirc;rl\u0131klara da yer veren \u00c7imenden, enkaz alt\u0131ndan \u00e7\u0131kar\u0131lan \u00e7ocuklar\u0131n s\u00f6zlerini hat\u0131rlatarak, insanlar\u0131n iyilik ve k\u00f6t\u00fcl\u00fck noktas\u0131nda bir s\u0131navdan ge\u00e7ti\u011fini ifade etti.<\/p>\n<p>&#8220;G\u00fcnler sonra kurtar\u0131lmas\u0131na ra\u011fmen &#8216;Tokum, yemek yedim&#8217; diyen \u00e7ocuk var<\/p>\n<p>Annesi y\u0131llar \u00f6nce \u00f6lm\u00fc\u015f, \u00e7ocuklar\u0131n annesiyim diye kurtaran biri var<\/p>\n<p>B\u00fcy\u00fckler bile korkarken &#8216;Korkmad\u0131m&#8217; diyen \u00e7ocuklar var&hellip;<\/p>\n<p>\u0130\u015fte d\u00fc\u015f\u00fcnenler i\u00e7in bunlarda b\u00fcy\u00fck bir ibret var.&#8221;<\/p>\n<p>&#8220;Umudumuz Yeniden Dirilecek&#8221;<\/p>\n<p>\u00c7imenden, \u015fiirini Allah\u2019a s\u0131\u011f\u0131narak ve insanl\u0131\u011f\u0131n bu imtihandan ders almas\u0131 gerekti\u011fini vurgulayarak tamamlad\u0131.<\/p>\n<p>&#8220;\u015e\u00fck\u00fcr ki intihara ko\u015fan umudumuzu diriltecek Allah var<\/p>\n<p>Ey Rabbim, senin yard\u0131m\u0131n olmasa<\/p>\n<p>\u0130nsan bu imtihan\u0131n alt\u0131ndan nas\u0131l kalkar&hellip;<\/p>\n<p>\u015eimdi el a\u00e7\u0131p af diliyor ve merhametine s\u0131\u011f\u0131n\u0131yoruz<\/p>\n<p>Aksi takdirde, helak olan kavimler misali yerle yeksan oluruz.&#8221;<\/p>\n<p>&#8220;Deprem Felaketi Unutulmamal\u0131&#8221;<\/p>\n<p>Depremde hayat\u0131n\u0131 kaybedenlerin an\u0131s\u0131na adaletin sa\u011flanmas\u0131 gerekti\u011fini belirten \u00c7imenden, ihmalin kader olarak g\u00f6sterilmesine kar\u015f\u0131 \u00e7\u0131karken, toplumun birlik i\u00e7inde bu felaketten ders \u00e7\u0131karmas\u0131 gerekti\u011fini ifade etti.<\/p><\/p>\n","protected":false},"excerpt":{"rendered":"<p> Yeniden Refah Partisi Ad\u0131yaman \u0130l Ba\u015fkan Yard\u0131mc\u0131s\u0131 ve A\u011fa\u00e7 \u0130\u015fleri Esnaf Odas\u0131 Ba\u015fkan Aday\u0131 Erkan \u00c7imenden, 6 \u015eubat depremlerinin ikinci y\u0131l d\u00f6n\u00fcm\u00fc dolay\u0131s\u0131yla bir enkaz alan\u0131nda anlaml\u0131 bir mesaj verdi. \u00c7imenden, ac\u0131n\u0131n, ihmallerin ve insanl\u0131\u011f\u0131n imtihan\u0131n\u0131 vurgulayan bir \u015fiir okuyarak, depremde ya\u015fanan kay\u0131plar\u0131n unutulmamas\u0131 gerekti\u011fini dile getirdi.<\/p>\n","protected":false},"author":1,"featured_media":11279,"comment_status":"open","ping_status":"open","sticky":false,"template":"","format":"standard","meta":{"om_disable_all_campaigns":false,"_monsterinsights_skip_tracking":false,"_monsterinsights_sitenote_active":false,"_monsterinsights_sitenote_note":"","_monsterinsights_sitenote_category":0,"footnotes":""},"categories":[1,11],"tags":[540,1947,533,1532,1946],"aioseo_notices":[],"_links":{"self":[{"href":"https:\/\/www.hbrkahta.com\/index.php\/wp-json\/wp\/v2\/posts\/11278"}],"collection":[{"href":"https:\/\/www.hbrkahta.com\/index.php\/wp-json\/wp\/v2\/posts"}],"about":[{"href":"https:\/\/www.hbrkahta.com\/index.php\/wp-json\/wp\/v2\/types\/post"}],"author":[{"embeddable":true,"href":"https:\/\/www.hbrkahta.com\/index.php\/wp-json\/wp\/v2\/users\/1"}],"replies":[{"embeddable":true,"href":"https:\/\/www.hbrkahta.com\/index.php\/wp-json\/wp\/v2\/comments?post=11278"}],"version-history":[{"count":1,"href":"https:\/\/www.hbrkahta.com\/index.php\/wp-json\/wp\/v2\/posts\/11278\/revisions"}],"predecessor-version":[{"id":11280,"href":"https:\/\/www.hbrkahta.com\/index.php\/wp-json\/wp\/v2\/posts\/11278\/revisions\/11280"}],"wp:featuredmedia":[{"embeddable":true,"href":"https:\/\/www.hbrkahta.com\/index.php\/wp-json\/wp\/v2\/media\/11279"}],"wp:attachment":[{"href":"https:\/\/www.hbrkahta.com\/index.php\/wp-json\/wp\/v2\/media?parent=11278"}],"wp:term":[{"taxonomy":"category","embeddable":true,"href":"https:\/\/www.hbrkahta.com\/index.php\/wp-json\/wp\/v2\/categories?post=11278"},{"taxonomy":"post_tag","embeddable":true,"href":"https:\/\/www.hbrkahta.com\/index.php\/wp-json\/wp\/v2\/tags?post=11278"}],"curies":[{"name":"wp","href":"https:\/\/api.w.org\/{rel}","templated":true}]}}