{"id":11275,"date":"2025-02-05T16:12:04","date_gmt":"2025-02-05T13:12:04","guid":{"rendered":"https:\/\/www.hbrkahta.com\/?p=11275"},"modified":"2025-02-05T16:12:04","modified_gmt":"2025-02-05T13:12:04","slug":"deva-partisi-il-baskani-anac-iktidar-milletvekilleri-sorunlari-gormezden-geliyor","status":"publish","type":"post","link":"https:\/\/www.hbrkahta.com\/index.php\/2025\/02\/05\/deva-partisi-il-baskani-anac-iktidar-milletvekilleri-sorunlari-gormezden-geliyor\/","title":{"rendered":"DEVA Partisi \u0130l Ba\u015fkan\u0131 Ana\u00e7: &#8216;\u0130ktidar milletvekilleri sorunlar\u0131 g\u00f6rmezden geliyor&#8217;"},"content":{"rendered":"<p>&#8220;Deprem Do\u011fal, Ancak \u0130hmallerin Yaratt\u0131\u011f\u0131 Kay\u0131plar Kader De\u011fil&#8221;<\/p>\n<p>Mehmet Ana\u00e7, do\u011fal afetlerin ka\u00e7\u0131n\u0131lmaz oldu\u011funu ancak gerekli \u00f6nlemler al\u0131nmad\u0131\u011f\u0131nda ya\u015fanan can kay\u0131plar\u0131n\u0131n ve maddi hasarlar\u0131n kader olarak g\u00f6sterilemeyece\u011fini vurgulad\u0131.<\/p>\n<p>&#8220;Do\u011fal afetler tabiat\u0131n bir kanunudur. Ya\u015fad\u0131\u011f\u0131m\u0131z co\u011frafyada depremler ge\u00e7mi\u015fte oldu\u011fu gibi yar\u0131n da olmaya devam edecektir. Ama do\u011fal afetlerden dolay\u0131 birilerinin ihmalkarl\u0131\u011f\u0131 ile olu\u015fan can kay\u0131plar\u0131 ve maddi hasarlar asla kaderimiz de\u011fildir ve olmamas\u0131 gerekiyor. Do\u011fal afetlere ve depremlere kar\u015f\u0131 tedbirli olabilecek irade ve akl\u0131 Allah hepimize nasip etmi\u015ftir.&#8221;<\/p>\n<p>Ana\u00e7, depremin hemen ard\u0131ndan Ad\u0131yaman halk\u0131n\u0131n so\u011fuk hava, ya\u011fmur ve \u00e7aresizlik i\u00e7inde iki g\u00fcn boyunca kendi kaderine terk edildi\u011fini hat\u0131rlatarak, h\u00fck\u00fcmetin kriz y\u00f6netiminde yetersiz kald\u0131\u011f\u0131n\u0131 dile getirdi.<\/p>\n<p>&#8220;Depremden Bu Yana Sonu\u00e7 Odakl\u0131 Hi\u00e7bir Ad\u0131m At\u0131lmad\u0131&#8221;<\/p>\n<p>Mehmet Ana\u00e7, h\u00fck\u00fcmet yetkililerinin Ad\u0131yaman\u2019da ya\u015fanan sorunlar\u0131 \u00e7\u00f6zmek yerine sadece s\u00f6z verdi\u011fini, ancak somut bir geli\u015fme kaydedilmedi\u011fini ifade etti.<\/p>\n<p>&#8220;Depremin ilk g\u00fcn\u00fcnden bug\u00fcne kadar ilimiz i\u00e7in merkezi h\u00fck\u00fcmet bir\u00e7ok \u015fey konu\u015ftu ama bir t\u00fcrl\u00fc sonu\u00e7 odakl\u0131 \u00e7\u00f6z\u00fcm \u00fcretilmedi. Depremin \u00fczerinden iki y\u0131l ge\u00e7mesine ra\u011fmen halen ilimizde y\u0131k\u0131mlar devam etmekte, konteyner kentlerde sorunlar alm\u0131\u015f ba\u015f\u0131n\u0131 gidiyor, \u015fehir merkezindeki yol ve i\u015f yeri sorunlar\u0131, bar\u0131nma, e\u011fitim ve sa\u011fl\u0131k sorunlar\u0131 gibi \u00e7\u00f6z\u00fcm bekleyen bir y\u0131\u011f\u0131n sorun bulunmas\u0131na ra\u011fmen maalesef sorunlara kal\u0131c\u0131 bir \u00e7\u00f6z\u00fcm getirmediler.&#8221;<\/p>\n<p>Ana\u00e7, deprem konutlar\u0131n\u0131n bir y\u0131l i\u00e7inde tamamlanaca\u011f\u0131 s\u00f6z\u00fc verilmesine ra\u011fmen iki y\u0131l ge\u00e7mesine kar\u015f\u0131n ancak d\u00f6rtte birinin teslim edildi\u011fini ve vatanda\u015f\u0131n m\u00fclkiyet haklar\u0131n\u0131n ihlal edildi\u011fini dile getirdi. Depremde evleri ve i\u015f yerleri zarar g\u00f6ren vatanda\u015flara e\u015fya kay\u0131plar\u0131 i\u00e7in yap\u0131laca\u011f\u0131 s\u00f6ylenen \u00f6demelerin h&acirc;l&acirc; ger\u00e7ekle\u015ftirilmedi\u011fini belirtti.<\/p>\n<p>&#8220;\u0130ktidar Milletvekilleri Sorunlar\u0131 G\u00f6rmezden Geliyor&#8221;<\/p>\n<p>Ana\u00e7, Ad\u0131yaman\u2019da ya\u015fanan bu sorunlar\u0131 \u00e7\u00f6zmesi gereken milletvekillerinin halktan uzak bir siyaset izledi\u011fini s\u00f6yledi.<\/p>\n<p>&#8220;\u00c7\u00f6z\u00fclmesi gereken bunca sorun varken, sorunlar\u0131 \u00e7\u00f6zmesi gereken ilimizin iktidar milletvekilleri ne yap\u0131yor peki? Evet, yapt\u0131klar\u0131 tek \u015fey Ankara\u2019dan Ad\u0131yaman\u2019a gelip daha \u00f6nce belirledikleri parti binalar\u0131n\u0131, valilik gibi \u00fc\u00e7 be\u015f yeri dola\u015f\u0131p salon siyaseti yaparak poz verip resim \u00e7ekip gitmek.&#8221;<\/p>\n<p>Depremde ya\u015fanan kay\u0131plar\u0131n ve verilen s\u00f6zlerin tutulmamas\u0131n\u0131n kader olmad\u0131\u011f\u0131n\u0131, bunun y\u00f6netimsel bir sorun oldu\u011funu belirten Ana\u00e7, liyakatsiz y\u00f6neticilerin halk\u0131n manevi duygular\u0131n\u0131 kullanarak sorumluluktan ka\u00e7t\u0131\u011f\u0131n\u0131 s\u00f6yledi.<\/p>\n<p>&#8220;Ad\u0131yaman Sevdas\u0131 Siyasetin \u00d6n\u00fcne Ge\u00e7meli&#8221;<\/p>\n<p>DEVA Partisi olarak hak ve adalet ilkesi \u00e7er\u00e7evesinde hareket ettiklerini vurgulayan Ana\u00e7, siyasi partizanl\u0131\u011f\u0131n Ad\u0131yaman\u2019\u0131n \u00e7\u0131karlar\u0131n\u0131n \u00f6n\u00fcne ge\u00e7memesi gerekti\u011fini belirtti.<\/p>\n<p>&#8220;Bizler, siyaset de hakk\u0131 ve adaleti kendimize ilke bilerek; toplumsal sorunlara \u00e7\u00f6z\u00fcm \u00fcretmek amac\u0131yla, siyaseti her zaman \u00e7\u00f6z\u00fcmden yana tav\u0131r tak\u0131nan bir unsur olarak g\u00f6rmekteyiz. Bu nedenle siyasi partizanl\u0131\u011f\u0131n Ad\u0131yaman sevdas\u0131n\u0131n \u00f6n\u00fcne ge\u00e7meden gerekli kal\u0131c\u0131 ad\u0131mlar\u0131n at\u0131lmas\u0131n\u0131 umut ediyoruz.&#8221;<\/p>\n<p>Ana\u00e7, DEVA Partisi\u2019nin Ad\u0131yaman\u2019\u0131n yeniden aya\u011fa kalkmas\u0131 i\u00e7in \u00fczerine d\u00fc\u015fen her sorumlulu\u011fu yerine getirece\u011fini belirterek, kamuoyunu bilin\u00e7li ve sorumluluk sahibi olmaya davet etti.<\/p>\n<p>Son olarak, 6 \u015eubat depremlerinde hayat\u0131n\u0131 kaybedenlere rahmet dileyerek s\u00f6zlerini \u015f\u00f6yle tamamlad\u0131:<\/p>\n<p>&#8220;Depremde vefat edenlere tekrar Allah\u2019tan rahmet diler, geride kalan aile fertlerine ve sevenlerine sab\u0131rlar dilerim. Rabbim in\u015fallah b\u00f6yle bir felaketle bizleri tekrar imtihan etmez.&#8221;<\/p><\/p>\n","protected":false},"excerpt":{"rendered":"<p> G\u00fclbahar S\u00dcNG\u00dc &#8211; DEVA Partisi Ad\u0131yaman \u0130l Ba\u015fkan\u0131 Mehmet Ana\u00e7, 6 \u015eubat depreminin ikinci y\u0131l\u0131 dolay\u0131s\u0131yla yapt\u0131\u011f\u0131 a\u00e7\u0131klamada, depremde hayat\u0131n\u0131 kaybedenlere rahmet, ailelerine ve t\u00fcm Ad\u0131yaman halk\u0131na sab\u0131r diledi. Ana\u00e7, devletin halk\u0131n\u0131 yaln\u0131z b\u0131rakmamas\u0131 gerekti\u011fini ve iki y\u0131l ge\u00e7mesine ra\u011fmen \u00e7\u00f6z\u00fcm bekleyen sorunlar\u0131n h\u00e2l\u00e2 devam etti\u011fini belirterek h\u00fck\u00fcmete ele\u015ftirilerde bulundu.<\/p>\n","protected":false},"author":1,"featured_media":11276,"comment_status":"open","ping_status":"open","sticky":false,"template":"","format":"standard","meta":{"om_disable_all_campaigns":false,"_monsterinsights_skip_tracking":false,"_monsterinsights_sitenote_active":false,"_monsterinsights_sitenote_note":"","_monsterinsights_sitenote_category":0,"footnotes":""},"categories":[1,11],"tags":[559,1822,540,588,949],"aioseo_notices":[],"_links":{"self":[{"href":"https:\/\/www.hbrkahta.com\/index.php\/wp-json\/wp\/v2\/posts\/11275"}],"collection":[{"href":"https:\/\/www.hbrkahta.com\/index.php\/wp-json\/wp\/v2\/posts"}],"about":[{"href":"https:\/\/www.hbrkahta.com\/index.php\/wp-json\/wp\/v2\/types\/post"}],"author":[{"embeddable":true,"href":"https:\/\/www.hbrkahta.com\/index.php\/wp-json\/wp\/v2\/users\/1"}],"replies":[{"embeddable":true,"href":"https:\/\/www.hbrkahta.com\/index.php\/wp-json\/wp\/v2\/comments?post=11275"}],"version-history":[{"count":1,"href":"https:\/\/www.hbrkahta.com\/index.php\/wp-json\/wp\/v2\/posts\/11275\/revisions"}],"predecessor-version":[{"id":11277,"href":"https:\/\/www.hbrkahta.com\/index.php\/wp-json\/wp\/v2\/posts\/11275\/revisions\/11277"}],"wp:featuredmedia":[{"embeddable":true,"href":"https:\/\/www.hbrkahta.com\/index.php\/wp-json\/wp\/v2\/media\/11276"}],"wp:attachment":[{"href":"https:\/\/www.hbrkahta.com\/index.php\/wp-json\/wp\/v2\/media?parent=11275"}],"wp:term":[{"taxonomy":"category","embeddable":true,"href":"https:\/\/www.hbrkahta.com\/index.php\/wp-json\/wp\/v2\/categories?post=11275"},{"taxonomy":"post_tag","embeddable":true,"href":"https:\/\/www.hbrkahta.com\/index.php\/wp-json\/wp\/v2\/tags?post=11275"}],"curies":[{"name":"wp","href":"https:\/\/api.w.org\/{rel}","templated":true}]}}