{"id":11206,"date":"2025-01-31T15:48:01","date_gmt":"2025-01-31T12:48:01","guid":{"rendered":"https:\/\/www.hbrkahta.com\/?p=11206"},"modified":"2025-01-31T15:48:01","modified_gmt":"2025-01-31T12:48:01","slug":"yeniden-refah-partisi-adiyaman-il-baskani-demir-emeklilerin-haklari-gasp-ediliyor","status":"publish","type":"post","link":"https:\/\/www.hbrkahta.com\/index.php\/2025\/01\/31\/yeniden-refah-partisi-adiyaman-il-baskani-demir-emeklilerin-haklari-gasp-ediliyor\/","title":{"rendered":"Yeniden Refah Partisi Ad\u0131yaman \u0130l Ba\u015fkan\u0131 Demir: &#8216;Emeklilerin haklar\u0131 gasp ediliyor&#8217;"},"content":{"rendered":"<p>&#8220;Kartalkaya facias\u0131, denetimsizlik ve y\u00f6netim zaaf\u0131n\u0131n g\u00f6stergesidir&#8221;<\/p>\n<p>Bas\u0131n mensuplar\u0131na hitaben konu\u015fan Demir, Genel Ba\u015fkan Dr. Fatih Erbakan\u2019\u0131n selamlar\u0131n\u0131 ileterek ba\u015flad\u0131\u011f\u0131 a\u00e7\u0131klamas\u0131nda, Bolu Kartalkaya\u2019da meydana gelen yang\u0131nda 78 ki\u015finin hayat\u0131n\u0131 kaybetmesine dikkat \u00e7ekerek, &ldquo;\u0130ktidar\u0131n yoruldu\u011funun, \u00fclkeyi y\u00f6netemedi\u011finin a\u00e7\u0131k bir g\u00f6stergesidir&rdquo; dedi.<\/p>\n<p>&#8220;Yang\u0131n facias\u0131nda ihmal ve denetimsizlik var&#8221;<\/p>\n<p>Kartalkaya\u2019daki yang\u0131nla ilgili yetkilileri sert bir dille ele\u015ftiren Demir, otel i\u015fletmecilerinin yaln\u0131zca kar ama\u00e7lad\u0131\u011f\u0131n\u0131, kamu kurumlar\u0131n\u0131n denetim g\u00f6revlerini yerine getirmedi\u011fini belirtti. Yang\u0131n\u0131n b\u00fcy\u00fck bir ihmal ve denetimsizlik sonucu faciaya d\u00f6n\u00fc\u015ft\u00fc\u011f\u00fcn\u00fc vurgulayan Demir, \u015fu ifadelere yer verdi:<\/p>\n<p>Yang\u0131n \u00e7\u0131k\u0131\u015flar\u0131 kapal\u0131yd\u0131 veya yetersizdi.<\/p>\n<p>Yang\u0131n merdivenleri bina i\u00e7inde kald\u0131 ve ula\u015f\u0131labilir de\u011fildi.<\/p>\n<p>Duman dedekt\u00f6rleri \u00e7al\u0131\u015fmad\u0131, yang\u0131n alarm\u0131 yoktu.<\/p>\n<p>Yang\u0131n s\u00f6nd\u00fcrme t\u00fcpleri ya yoktu ya da yetersizdi.<\/p>\n<p>Oteller b\u00f6lgesinde bir tane bile itfaiye arac\u0131 yoktu.<\/p>\n<p>&#8220;Sorumluluk \u00fcstlenmeyen yetkililer derhal istifa etmelidir&#8221;<\/p>\n<p>Otelin ruhsat\u0131n\u0131 veren ve denetim yapmayan K\u00fclt\u00fcr ve Turizm Bakanl\u0131\u011f\u0131&#8217;n\u0131n asli kusurlu, Bolu Belediyesi&#8217;nin ise tali kusurlu oldu\u011funu belirten Demir, &ldquo;78 insan\u0131m\u0131z\u0131n \u00f6lmesini mi beklediniz?&rdquo; diyerek yetkilileri istifaya \u00e7a\u011f\u0131rd\u0131.<\/p>\n<p>&#8220;Depremlerden ders al\u0131nd\u0131 m\u0131?&#8221;<\/p>\n<p>6 \u015eubat Kahramanmara\u015f merkezli depremlerin y\u0131ld\u00f6n\u00fcm\u00fcne say\u0131l\u0131 g\u00fcnler kald\u0131\u011f\u0131n\u0131 hat\u0131rlatan Demir, &ldquo;Depremlerden ders al\u0131nd\u0131 m\u0131? \u00c7\u00fcr\u00fck binalar\u0131n d\u00f6n\u00fc\u015f\u00fcm\u00fc yap\u0131l\u0131yor mu? Gelecekte beklenen depremlere kar\u015f\u0131 hangi haz\u0131rl\u0131klar var?&rdquo; sorular\u0131n\u0131 y\u00f6neltti.<\/p>\n<p>Demir, do\u011fal afetler sonras\u0131 kimsenin sorumluluk \u00fcstlenmedi\u011fini belirterek, &#8220;Herkes i\u015fini iyi yap\u0131yorsa, bu afetler nas\u0131l faciaya d\u00f6n\u00fc\u015f\u00fcyor?&#8221; diye sordu.<\/p>\n<p>&#8220;Emeklilerin haklar\u0131 gasp ediliyor&#8221;<\/p>\n<p>Bas\u0131n toplant\u0131s\u0131nda emekli maa\u015flar\u0131ndaki adaletsizliklere de de\u011finen Demir, 2025 y\u0131l\u0131nda emekli olanlar\u0131n, 2024 y\u0131l\u0131nda emekli olanlardan %30 daha d\u00fc\u015f\u00fck maa\u015f ald\u0131\u011f\u0131n\u0131 belirtti.<\/p>\n<p>&ldquo;\u00c7ok prim \u00f6de, ge\u00e7 emekli ol, az maa\u015f al&rdquo; diyerek mevcut emeklilik sistemini ele\u015ftiren Demir, \u015fu ifadeleri kulland\u0131:<\/p>\n<p>&ldquo;\u00c7al\u0131\u015fanlar ve emekliler, b\u00fct\u00e7enin k\u00f6t\u00fc y\u00f6netilmesinin bedelini \u00f6d\u00fcyor.&rdquo;<\/p>\n<p>&ldquo;Enflasyon y\u00fczde 44,38 a\u00e7\u0131klan\u0131yor ama asgari \u00fccrete %30, SSK ve Ba\u011f-Kur emeklisine %15,75, memur emeklisine %11,54 zam yap\u0131l\u0131yor.&rdquo;<\/p>\n<p>&ldquo;Refah pay\u0131 verilmedi, fatura her zamanki gibi dar gelirlilere kesildi.&rdquo;<\/p>\n<p>&#8220;\u00c7are Milli G\u00f6r\u00fc\u015f\u2019te, \u00e7\u00f6z\u00fcm Adil D\u00fczen\u2019dedir&#8221;<\/p>\n<p>Yeniden Refah Partisi olarak, iktidar\u0131n yanl\u0131\u015f ekonomi politikalar\u0131na ve toplumsal sorunlara kar\u015f\u0131 m\u00fccadele edeceklerini vurgulayan Demir, &ldquo;\u00c7al\u0131\u015fanlar\u0131n ve emeklilerin hakk\u0131n\u0131 alaca\u011f\u0131 g\u00fcnler Yeniden Refah ve Yeniden Erbakan iktidar\u0131yla gelecektir&rdquo; dedi.<\/p>\n<p>Demir, konu\u015fmas\u0131n\u0131 Kartalkaya facias\u0131nda ve 6 \u015eubat depremlerinde hayat\u0131n\u0131 kaybeden vatanda\u015flara Allah\u2019tan rahmet dileyerek tamamlad\u0131.<\/p><\/p>\n","protected":false},"excerpt":{"rendered":"<p> G\u00fclbahar S\u00dcNG\u00dc &#8211; Yeniden Refah Partisi Ad\u0131yaman \u0130l Ba\u015fkan\u0131 \u0130smail Demir, d\u00fczenledi\u011fi bas\u0131n toplant\u0131s\u0131nda Bolu Kartalkaya\u2019da ya\u015fanan yang\u0131n facias\u0131, 6 \u015eubat depremlerinin y\u0131ld\u00f6n\u00fcm\u00fc yakla\u015f\u0131rken al\u0131nan \u00f6nlemler, ve emekli maa\u015flar\u0131 konusundaki adaletsizlikler hakk\u0131nda a\u00e7\u0131klamalarda bulundu.<\/p>\n","protected":false},"author":1,"featured_media":11207,"comment_status":"open","ping_status":"open","sticky":false,"template":"","format":"standard","meta":{"om_disable_all_campaigns":false,"_monsterinsights_skip_tracking":false,"_monsterinsights_sitenote_active":false,"_monsterinsights_sitenote_note":"","_monsterinsights_sitenote_category":0,"footnotes":""},"categories":[1,11],"tags":[351,1274,795,801,701],"aioseo_notices":[],"_links":{"self":[{"href":"https:\/\/www.hbrkahta.com\/index.php\/wp-json\/wp\/v2\/posts\/11206"}],"collection":[{"href":"https:\/\/www.hbrkahta.com\/index.php\/wp-json\/wp\/v2\/posts"}],"about":[{"href":"https:\/\/www.hbrkahta.com\/index.php\/wp-json\/wp\/v2\/types\/post"}],"author":[{"embeddable":true,"href":"https:\/\/www.hbrkahta.com\/index.php\/wp-json\/wp\/v2\/users\/1"}],"replies":[{"embeddable":true,"href":"https:\/\/www.hbrkahta.com\/index.php\/wp-json\/wp\/v2\/comments?post=11206"}],"version-history":[{"count":1,"href":"https:\/\/www.hbrkahta.com\/index.php\/wp-json\/wp\/v2\/posts\/11206\/revisions"}],"predecessor-version":[{"id":11208,"href":"https:\/\/www.hbrkahta.com\/index.php\/wp-json\/wp\/v2\/posts\/11206\/revisions\/11208"}],"wp:featuredmedia":[{"embeddable":true,"href":"https:\/\/www.hbrkahta.com\/index.php\/wp-json\/wp\/v2\/media\/11207"}],"wp:attachment":[{"href":"https:\/\/www.hbrkahta.com\/index.php\/wp-json\/wp\/v2\/media?parent=11206"}],"wp:term":[{"taxonomy":"category","embeddable":true,"href":"https:\/\/www.hbrkahta.com\/index.php\/wp-json\/wp\/v2\/categories?post=11206"},{"taxonomy":"post_tag","embeddable":true,"href":"https:\/\/www.hbrkahta.com\/index.php\/wp-json\/wp\/v2\/tags?post=11206"}],"curies":[{"name":"wp","href":"https:\/\/api.w.org\/{rel}","templated":true}]}}