{"id":11203,"date":"2025-01-30T19:23:59","date_gmt":"2025-01-30T16:23:59","guid":{"rendered":"https:\/\/www.hbrkahta.com\/?p=11203"},"modified":"2025-01-30T19:23:59","modified_gmt":"2025-01-30T16:23:59","slug":"adiyamanli-depremzede-satranc-sporcusu-2-bin-700-yarismaci-arasinda-milli-takima-secildi","status":"publish","type":"post","link":"https:\/\/www.hbrkahta.com\/index.php\/2025\/01\/30\/adiyamanli-depremzede-satranc-sporcusu-2-bin-700-yarismaci-arasinda-milli-takima-secildi\/","title":{"rendered":"Ad\u0131yamanl\u0131 depremzede satran\u00e7 sporcusu 2 bin 700 yar\u0131\u015fmac\u0131 aras\u0131nda milli tak\u0131ma se\u00e7ildi"},"content":{"rendered":"<p>Gen\u00e7lik ve Spor Bakanl\u0131\u011f\u0131 ile T\u00fcrkiye Satran\u00e7 Federasyonu (TSF) i\u015f birli\u011fiyle Antalya\u2019da d\u00fczenlenen 2025 T\u00fcrkiye K\u00fc\u00e7\u00fckler ve Y\u0131ld\u0131zlar Satran\u00e7 \u015eampiyonas\u0131, T\u00fcrkiye\u2019nin d\u00f6rt bir yan\u0131ndan gelen 7-12 ve 13-18 ya\u015f gruplar\u0131ndaki 2 bin 700\u2019den fazla sporcunun k\u0131yas\u0131ya m\u00fccadelesine sahne oldu.<\/p>\n<p>Ad\u0131yamanl\u0131 depremzede sporcu K\u00fcr\u015fat Co\u015fkun, turnuvada 10&#8217;unculuk derecesi elde ederek milli tak\u0131m kadrosuna girmeye hak kazand\u0131.<\/p>\n<p>Baba Co\u015fkun: &ldquo;O\u011flumla Gurur Duyuyorum&rdquo;<\/p>\n<p>Gen\u00e7 sporcu K\u00fcr\u015fat Co\u015fkun\u2019un babas\u0131 Celalettin Rumi Co\u015fkun, o\u011flunun uzun s\u00fcredir satran\u00e7 sporuyla ilgilendi\u011fini belirterek \u015fu ifadeleri kulland\u0131:<\/p>\n<p>&#8220;O\u011flum K\u00fcr\u015fat uzun s\u00fcredir satran\u00e7 sporuyla u\u011fra\u015f\u0131yor. Birka\u00e7 kez Antalya&#8217;da d\u00fczenlenen turnuvaya kat\u0131lm\u0131\u015ft\u0131. Bu y\u0131l, \u015fampiyonada T\u00fcrkiye 10&#8217;uncusu olarak milli tak\u0131ma se\u00e7ildi. Ailece bizi \u00e7ok mutlu etti. Turnuvada eme\u011fi ge\u00e7en herkese te\u015fekk\u00fcr ediyorum.&#8221;<\/p>\n<p>Ad\u0131yaman\u2019dan Depreme Ra\u011fmen B\u00fcy\u00fck Ba\u015far\u0131<\/p>\n<p>Depremden etkilenen bir \u015fehirden gelen gen\u00e7 bir sporcunun elde etti\u011fi bu ba\u015far\u0131, Ad\u0131yaman\u2019da sporun iyile\u015ftirici g\u00fcc\u00fcn\u00fc bir kez daha g\u00f6zler \u00f6n\u00fcne serdi. K\u00fcr\u015fat Co\u015fkun&#8217;un bu ba\u015far\u0131s\u0131, Ad\u0131yamanl\u0131 gen\u00e7ler i\u00e7in ilham kayna\u011f\u0131 oldu.<\/p>\n<p>\u015eampiyonan\u0131n \u00f6d\u00fcl t\u00f6reninde gen\u00e7 sporcular\u0131n satran\u00e7taki ba\u015far\u0131lar\u0131 vurgulan\u0131rken, Ad\u0131yamanl\u0131 depremzede bir sporcunun milli tak\u0131ma se\u00e7ilmesi ayr\u0131 bir gurur kayna\u011f\u0131 olarak \u00f6ne \u00e7\u0131kt\u0131.<\/p><\/p>\n","protected":false},"excerpt":{"rendered":"<p>  &#8211; 11 ya\u015f\u0131ndaki Ad\u0131yamanl\u0131 depremzede sporcu K\u00fcr\u015fat Co\u015fkun, Antalya&#8217;da d\u00fczenlenen T\u00fcrkiye K\u00fc\u00e7\u00fckler ve Y\u0131ld\u0131zlar Satran\u00e7 \u015eampiyonas\u0131&#8217;nda 10\u2019uncu olarak milli tak\u0131ma se\u00e7ildi. Gen\u00e7 satran\u00e7\u00e7\u0131n\u0131n ba\u015far\u0131s\u0131, Ad\u0131yaman\u2019da b\u00fcy\u00fck bir gurur kayna\u011f\u0131 oldu.<\/p>\n","protected":false},"author":1,"featured_media":11204,"comment_status":"open","ping_status":"open","sticky":false,"template":"","format":"standard","meta":{"om_disable_all_campaigns":false,"_monsterinsights_skip_tracking":false,"_monsterinsights_sitenote_active":false,"_monsterinsights_sitenote_note":"","_monsterinsights_sitenote_category":0,"footnotes":""},"categories":[1,11],"tags":[540,1025,1937,485],"aioseo_notices":[],"_links":{"self":[{"href":"https:\/\/www.hbrkahta.com\/index.php\/wp-json\/wp\/v2\/posts\/11203"}],"collection":[{"href":"https:\/\/www.hbrkahta.com\/index.php\/wp-json\/wp\/v2\/posts"}],"about":[{"href":"https:\/\/www.hbrkahta.com\/index.php\/wp-json\/wp\/v2\/types\/post"}],"author":[{"embeddable":true,"href":"https:\/\/www.hbrkahta.com\/index.php\/wp-json\/wp\/v2\/users\/1"}],"replies":[{"embeddable":true,"href":"https:\/\/www.hbrkahta.com\/index.php\/wp-json\/wp\/v2\/comments?post=11203"}],"version-history":[{"count":1,"href":"https:\/\/www.hbrkahta.com\/index.php\/wp-json\/wp\/v2\/posts\/11203\/revisions"}],"predecessor-version":[{"id":11205,"href":"https:\/\/www.hbrkahta.com\/index.php\/wp-json\/wp\/v2\/posts\/11203\/revisions\/11205"}],"wp:featuredmedia":[{"embeddable":true,"href":"https:\/\/www.hbrkahta.com\/index.php\/wp-json\/wp\/v2\/media\/11204"}],"wp:attachment":[{"href":"https:\/\/www.hbrkahta.com\/index.php\/wp-json\/wp\/v2\/media?parent=11203"}],"wp:term":[{"taxonomy":"category","embeddable":true,"href":"https:\/\/www.hbrkahta.com\/index.php\/wp-json\/wp\/v2\/categories?post=11203"},{"taxonomy":"post_tag","embeddable":true,"href":"https:\/\/www.hbrkahta.com\/index.php\/wp-json\/wp\/v2\/tags?post=11203"}],"curies":[{"name":"wp","href":"https:\/\/api.w.org\/{rel}","templated":true}]}}