{"id":11200,"date":"2025-01-30T18:23:59","date_gmt":"2025-01-30T15:23:59","guid":{"rendered":"https:\/\/www.hbrkahta.com\/?p=11200"},"modified":"2025-01-30T18:23:59","modified_gmt":"2025-01-30T15:23:59","slug":"ak-parti-adiyaman-milletvekili-resul-kurt-ticaret-merkezi-6-subatta-hizmete-acilacak","status":"publish","type":"post","link":"https:\/\/www.hbrkahta.com\/index.php\/2025\/01\/30\/ak-parti-adiyaman-milletvekili-resul-kurt-ticaret-merkezi-6-subatta-hizmete-acilacak\/","title":{"rendered":"AK Parti Ad\u0131yaman Milletvekili Resul Kurt: &#8216;Ticaret merkezi 6 \u015eubat\u2019ta hizmete a\u00e7\u0131lacak&#8217;"},"content":{"rendered":"<p>&#8220;Ekonomiye ve Esnafa B\u00fcy\u00fck Katk\u0131 Sa\u011flayacak&#8221;<\/p>\n<p>Milletvekili Kurt, \u00c7evre, \u015eehircilik ve \u0130klim De\u011fi\u015fikli\u011fi Bakanl\u0131\u011f\u0131 taraf\u0131ndan \u015fehrin en merkezi konumunda in\u015fa edilen Ticaret Merkezi\u2019nin tamamlanmak \u00fczere oldu\u011funu belirterek, projenin Ad\u0131yaman ekonomisine ve esnaf\u0131na \u00f6nemli katk\u0131lar sa\u011flayaca\u011f\u0131n\u0131 ifade etti. Kurt, \u015funlar\u0131 s\u00f6yledi:<\/p>\n<p>&#8220;Memleketimizin ekonomisine ve esnaflar\u0131m\u0131za b\u00fcy\u00fck katk\u0131 sa\u011flayacak olan bu projenin hay\u0131rl\u0131 olmas\u0131n\u0131 diliyorum. \u00d6zellikle \u015fehrimizde kadim k\u00fclt\u00fcr\u00fcm\u00fcz\u00fcn ya\u015fat\u0131laca\u011f\u0131 \u00f6rnek i\u015fletmeler, hem turizm hem de ekonomik a\u00e7\u0131dan \u00f6nemli bir can damar\u0131 olacak.&#8221;<\/p>\n<p>&#8220;Devletimizin G\u00fc\u00e7l\u00fc Duru\u015funa \u015eahit Olduk&#8221;<\/p>\n<p>6 \u015eubat depremi sonras\u0131nda devletin kararl\u0131 bir duru\u015f sergiledi\u011fini vurgulayan Kurt, Cumhurba\u015fkan\u0131 Recep Tayyip Erdo\u011fan&#8217;\u0131n liderli\u011finde y\u00fcr\u00fct\u00fclen \u00e7al\u0131\u015fmalara dikkat \u00e7ekti. Kurt, \u015fu ifadeleri kulland\u0131:<\/p>\n<p>&#8220;\u00dclkemizin ya\u015fad\u0131\u011f\u0131 b\u00fcy\u00fck deprem felaketi sonras\u0131nda devletimizin ortaya koydu\u011fu g\u00fc\u00e7l\u00fc ve kararl\u0131 duru\u015fa \u015fahit olduk. Milletimizin yaralar\u0131n\u0131n sar\u0131lmas\u0131 ad\u0131na Cumhurba\u015fkan\u0131m\u0131z Say\u0131n Recep Tayyip Erdo\u011fan&#8217;\u0131n g\u00f6sterdi\u011fi gayret ve \u00f6zveri, bizlere umut ve g\u00fcven vermi\u015ftir.&#8221;<\/p>\n<p>Kurt, Ad\u0131yaman\u2019da deprem sonras\u0131 yaralar\u0131n h\u0131zla sar\u0131lmas\u0131 i\u00e7in gece g\u00fcnd\u00fcz \u00e7al\u0131\u015fan t\u00fcm yetkililere te\u015fekk\u00fcr etti:<\/p>\n<p>&#8220;Deprem felaketi sonras\u0131nda yaralar\u0131m\u0131z\u0131n h\u0131zla sar\u0131lmas\u0131 i\u00e7in gece g\u00fcnd\u00fcz demeden \u00e7al\u0131\u015fan ba\u015fta Say\u0131n Cumhurba\u015fkan\u0131m\u0131z Recep Tayyip Erdo\u011fan olmak \u00fczere, \u00c7evre, \u015eehircilik ve \u0130klim De\u011fi\u015fikli\u011fi Bakan\u0131m\u0131z Say\u0131n Murat Kurum ile t\u00fcm Bakanlar\u0131m\u0131za depremzede hem\u015fehrilerimiz ad\u0131na y\u00fcrekten te\u015fekk\u00fcr ediyoruz. \u0130\u015f\u00e7iden m\u00fchendise kadar eme\u011fi ge\u00e7en herkese minnettar\u0131z.&#8221;<\/p>\n<p>Ticaret Merkezi\u2019nin A\u00e7\u0131l\u0131\u015f\u0131 6 \u015eubat\u2019ta Yap\u0131lacak<\/p>\n<p>28 ticari alandan olu\u015fan Ticaret Merkezi\u2019nin, 6 \u015eubat 2023 depremlerinin y\u0131l d\u00f6n\u00fcm\u00fcnde hizmete a\u00e7\u0131lmas\u0131 planlan\u0131yor. Projenin tamamlanmas\u0131yla birlikte Ad\u0131yaman\u2019da ticaretin canlanmas\u0131, esnaf\u0131n desteklenmesi ve kentin ekonomik hayat\u0131na katk\u0131 sa\u011flanmas\u0131 hedefleniyor.<\/p><\/p>\n","protected":false},"excerpt":{"rendered":"<p> G\u00fclbahar S\u00dcNG\u00dc &#8211; AK Parti Ad\u0131yaman Milletvekili ve Plan ve B\u00fct\u00e7e Komisyonu \u00dcyesi Do\u00e7. Dr. Resul Kurt, Ad\u0131yaman&#8217;da 28 ticari alanl\u0131 Ticaret Merkezi&#8217;nin yap\u0131m\u0131nda sona yakla\u015f\u0131ld\u0131\u011f\u0131n\u0131 ve merkezin 6 \u015eubat depremlerinin y\u0131l d\u00f6n\u00fcm\u00fcnde hizmete a\u00e7\u0131lmas\u0131n\u0131n planland\u0131\u011f\u0131n\u0131 a\u00e7\u0131klad\u0131.<\/p>\n","protected":false},"author":1,"featured_media":11201,"comment_status":"open","ping_status":"open","sticky":false,"template":"","format":"standard","meta":{"om_disable_all_campaigns":false,"_monsterinsights_skip_tracking":false,"_monsterinsights_sitenote_active":false,"_monsterinsights_sitenote_note":"","_monsterinsights_sitenote_category":0,"footnotes":""},"categories":[1,11],"tags":[588,1036,757],"aioseo_notices":[],"_links":{"self":[{"href":"https:\/\/www.hbrkahta.com\/index.php\/wp-json\/wp\/v2\/posts\/11200"}],"collection":[{"href":"https:\/\/www.hbrkahta.com\/index.php\/wp-json\/wp\/v2\/posts"}],"about":[{"href":"https:\/\/www.hbrkahta.com\/index.php\/wp-json\/wp\/v2\/types\/post"}],"author":[{"embeddable":true,"href":"https:\/\/www.hbrkahta.com\/index.php\/wp-json\/wp\/v2\/users\/1"}],"replies":[{"embeddable":true,"href":"https:\/\/www.hbrkahta.com\/index.php\/wp-json\/wp\/v2\/comments?post=11200"}],"version-history":[{"count":1,"href":"https:\/\/www.hbrkahta.com\/index.php\/wp-json\/wp\/v2\/posts\/11200\/revisions"}],"predecessor-version":[{"id":11202,"href":"https:\/\/www.hbrkahta.com\/index.php\/wp-json\/wp\/v2\/posts\/11200\/revisions\/11202"}],"wp:featuredmedia":[{"embeddable":true,"href":"https:\/\/www.hbrkahta.com\/index.php\/wp-json\/wp\/v2\/media\/11201"}],"wp:attachment":[{"href":"https:\/\/www.hbrkahta.com\/index.php\/wp-json\/wp\/v2\/media?parent=11200"}],"wp:term":[{"taxonomy":"category","embeddable":true,"href":"https:\/\/www.hbrkahta.com\/index.php\/wp-json\/wp\/v2\/categories?post=11200"},{"taxonomy":"post_tag","embeddable":true,"href":"https:\/\/www.hbrkahta.com\/index.php\/wp-json\/wp\/v2\/tags?post=11200"}],"curies":[{"name":"wp","href":"https:\/\/api.w.org\/{rel}","templated":true}]}}