{"id":11194,"date":"2025-01-30T17:36:00","date_gmt":"2025-01-30T14:36:00","guid":{"rendered":"https:\/\/www.hbrkahta.com\/?p=11194"},"modified":"2025-01-30T17:36:00","modified_gmt":"2025-01-30T14:36:00","slug":"adiyamanda-cocuklar-icin-kultur-ve-sanat-projesi-basliyor","status":"publish","type":"post","link":"https:\/\/www.hbrkahta.com\/index.php\/2025\/01\/30\/adiyamanda-cocuklar-icin-kultur-ve-sanat-projesi-basliyor\/","title":{"rendered":"Ad\u0131yaman\u2019da \u00e7ocuklar i\u00e7in k\u00fclt\u00fcr ve sanat projesi ba\u015fl\u0131yor"},"content":{"rendered":"<p>Protokol T\u00f6reni Ger\u00e7ekle\u015ftirildi<\/p>\n<p>Ad\u0131yaman Belediyesi makam\u0131nda d\u00fczenlenen imza t\u00f6renine Ad\u0131yaman Belediye Ba\u015fkan\u0131 Abdurrahman Tutdere, \u015eehir Dedektifi Kent \u00c7evre ve Sanat Derne\u011fi Kurucusu Gizem K\u0131yg\u0131, Tasar\u0131m ve Uygulama Koordinat\u00f6r\u00fc Dr. \u0130pek Kay ve saha sorumlusu Fatma T\u00fclay Hazardernek kat\u0131ld\u0131.<\/p>\n<p>Depremle Zarar G\u00f6ren Kentsel Bellek Sanat Yoluyla G\u00fc\u00e7lendirilecek<\/p>\n<p>\u0130mzalanan protokol kapsam\u0131nda ba\u015flat\u0131lan proje, Ad\u0131yaman\u2019da ya\u015fayan \u00e7ocuklar\u0131n \u015fehrin tarihi ve k\u00fclt\u00fcrel miras\u0131n\u0131 tan\u0131mas\u0131n\u0131 sa\u011flarken, deprem nedeniyle zarar g\u00f6ren kentsel bellek ve aidiyet duygusunu sanat yoluyla g\u00fc\u00e7lendirmeyi hedefliyor.<\/p>\n<p>Proje s\u00fcresince \u00e7ocuklara y\u00f6nelik kent temal\u0131 at\u00f6lyeler d\u00fczenlenecek. \u00c7ocuklar\u0131n ya\u015fad\u0131klar\u0131 kenti ke\u015ffetmelerini ve sanatsal \u00fcretim yapmalar\u0131n\u0131 te\u015fvik eden \u00e7al\u0131\u015fmalar, be\u015f g\u00fcn s\u00fcrecek olan Perre \u00c7ocuk ve Kent Bienali\u2019nde m\u00fczik ve tiyatro performanslar\u0131 e\u015fli\u011finde sergilenecek.<\/p>\n<p>Ba\u015fkan Tutdere: &ldquo;Depremle Zarar G\u00f6ren Belle\u011fimizi Sanat Yoluyla G\u00fc\u00e7lendirece\u011fiz&rdquo;<\/p>\n<p>Protokol imza t\u00f6reninde konu\u015fan Ad\u0131yaman Belediye Ba\u015fkan\u0131 Abdurrahman Tutdere, projenin Ad\u0131yaman i\u00e7in b\u00fcy\u00fck \u00f6nem ta\u015f\u0131d\u0131\u011f\u0131n\u0131 belirterek \u015funlar\u0131 s\u00f6yledi:<\/p>\n<p>&ldquo;\u0130KSV Ortakla\u015fa Program\u0131 deste\u011fiyle hayata ge\u00e7irilecek bu projeyle, \u00e7ocuklar\u0131m\u0131z\u0131 Ad\u0131yaman\u2019\u0131n tarihi ve k\u00fclt\u00fcrel miras\u0131yla bulu\u015fturaca\u011f\u0131z. Ayn\u0131 zamanda, depremle zarar g\u00f6ren kentsel belle\u011fimizi sanat yoluyla g\u00fc\u00e7lendirece\u011fiz. \u00c7ocuklar\u0131m\u0131z\u0131n ya\u015fad\u0131klar\u0131 kenti ke\u015ffetmelerini ve sanatla i\u00e7 i\u00e7e b\u00fcy\u00fcmelerini sa\u011flayacak bu projeye katk\u0131 sunan herkese te\u015fekk\u00fcr ediyorum. Bu \u00e7al\u0131\u015fma \u015fimdiden Ad\u0131yaman\u2019\u0131m\u0131za hay\u0131rl\u0131 olsun.&rdquo;<\/p>\n<p>Proje kapsam\u0131nda ger\u00e7ekle\u015ftirilecek at\u00f6lyelerle \u00e7ocuklar\u0131n kent bilincinin art\u0131r\u0131lmas\u0131 ve sanatsal yarat\u0131c\u0131l\u0131klar\u0131n\u0131 geli\u015ftirmeleri hedeflenirken, Ad\u0131yaman\u2019\u0131n k\u00fclt\u00fcrel miras\u0131na y\u00f6nelik fark\u0131ndal\u0131k olu\u015fturulmas\u0131 da ama\u00e7lan\u0131yor.<\/p><\/p>\n","protected":false},"excerpt":{"rendered":"<p>  &#8211; Ad\u0131yaman Belediyesi ile \u015eehir Dedektifi Kent \u00c7evre ve Sanat Derne\u011fi ortakl\u0131\u011f\u0131nda y\u00fcr\u00fct\u00fclecek ve \u0130stanbul K\u00fclt\u00fcr Sanat Vakf\u0131 (\u0130KSV) Ortakla\u015fa Program\u0131 taraf\u0131ndan desteklenecek \u00c7ocuklar \u0130\u00e7in K\u00fclt\u00fcr ve Sanat Projesi i\u00e7in i\u015f birli\u011fi protokol\u00fc imzaland\u0131. Sekiz ay s\u00fcrecek olan proje kapsam\u0131nda kent temal\u0131 at\u00f6lyeler d\u00fczenlenecek ve elde edilen \u00e7al\u0131\u015fmalar Perre \u00c7ocuk ve Kent Bienali\u2019nde sergilenecek.<\/p>\n","protected":false},"author":1,"featured_media":11195,"comment_status":"open","ping_status":"open","sticky":false,"template":"","format":"standard","meta":{"om_disable_all_campaigns":false,"_monsterinsights_skip_tracking":false,"_monsterinsights_sitenote_active":false,"_monsterinsights_sitenote_note":"","_monsterinsights_sitenote_category":0,"footnotes":""},"categories":[1,11],"tags":[559,178,719,1009],"aioseo_notices":[],"_links":{"self":[{"href":"https:\/\/www.hbrkahta.com\/index.php\/wp-json\/wp\/v2\/posts\/11194"}],"collection":[{"href":"https:\/\/www.hbrkahta.com\/index.php\/wp-json\/wp\/v2\/posts"}],"about":[{"href":"https:\/\/www.hbrkahta.com\/index.php\/wp-json\/wp\/v2\/types\/post"}],"author":[{"embeddable":true,"href":"https:\/\/www.hbrkahta.com\/index.php\/wp-json\/wp\/v2\/users\/1"}],"replies":[{"embeddable":true,"href":"https:\/\/www.hbrkahta.com\/index.php\/wp-json\/wp\/v2\/comments?post=11194"}],"version-history":[{"count":1,"href":"https:\/\/www.hbrkahta.com\/index.php\/wp-json\/wp\/v2\/posts\/11194\/revisions"}],"predecessor-version":[{"id":11196,"href":"https:\/\/www.hbrkahta.com\/index.php\/wp-json\/wp\/v2\/posts\/11194\/revisions\/11196"}],"wp:featuredmedia":[{"embeddable":true,"href":"https:\/\/www.hbrkahta.com\/index.php\/wp-json\/wp\/v2\/media\/11195"}],"wp:attachment":[{"href":"https:\/\/www.hbrkahta.com\/index.php\/wp-json\/wp\/v2\/media?parent=11194"}],"wp:term":[{"taxonomy":"category","embeddable":true,"href":"https:\/\/www.hbrkahta.com\/index.php\/wp-json\/wp\/v2\/categories?post=11194"},{"taxonomy":"post_tag","embeddable":true,"href":"https:\/\/www.hbrkahta.com\/index.php\/wp-json\/wp\/v2\/tags?post=11194"}],"curies":[{"name":"wp","href":"https:\/\/api.w.org\/{rel}","templated":true}]}}