{"id":10437,"date":"2025-01-02T11:48:02","date_gmt":"2025-01-02T08:48:02","guid":{"rendered":"https:\/\/www.hbrkahta.com\/?p=10437"},"modified":"2025-01-02T11:48:02","modified_gmt":"2025-01-02T08:48:02","slug":"muftu-haliloglu-bu-gece-yanlis-ve-kusurlarimizdan-donmeye-vesile","status":"publish","type":"post","link":"https:\/\/www.hbrkahta.com\/index.php\/2025\/01\/02\/muftu-haliloglu-bu-gece-yanlis-ve-kusurlarimizdan-donmeye-vesile\/","title":{"rendered":"M\u00fcft\u00fc Halilo\u011flu: Bu gece yanl\u0131\u015f ve kusurlar\u0131m\u0131zdan d\u00f6nmeye vesile"},"content":{"rendered":"<p>2 Ocak 2025 Per\u015fembe g\u00fcn\u00fcn\u00fc Cuma&#8221;ya ba\u011flayan gece rahmet ve ma\u011ffiret mevsimi diye isimlendirilen &#8220;\u00fc\u00e7 aylar&#8221;\u0131n ilk kandili olan Rag&acirc;ib Kandili oldu\u011funu ifade eden \u0130l M\u00fcft\u00fcs\u00fc Mevl\u00fct Halilo\u011flu,&#8221;Din&icirc; duygular\u0131n yo\u011funluk kazand\u0131\u011f\u0131, merhamet, \u015fefkat, yard\u0131mla\u015fma ve dayan\u0131\u015fma hislerinin doruk noktaya ula\u015ft\u0131\u011f\u0131, hay\u0131r ve iyiliklerin artt\u0131\u011f\u0131 bir zaman dilimi olan \u00fc\u00e7 aylar (Recep, \u015eaban ve Ramazan), T\u00fcrk-\u0130slam gelene\u011finde m\u00fcbarek yani bereketli aylar olarak g\u00f6r\u00fclm\u00fc\u015f ve adland\u0131r\u0131lm\u0131\u015ft\u0131r. Ancak, s\u0131rf bu zaman dilimine girmekle elde edilecek bir kazan\u00e7 olmay\u0131p, iyi ve do\u011fru davran\u0131\u015flarla elde edebilece\u011fimiz bir sevap, \u00e7abayla hak edilecek bir bereket ve verimlilik s\u00f6z konusudur.<br \/>\nBu zaman dilimi, ge\u00e7mi\u015fin muhasebesini yaparak gelece\u011fe azim ve enerji dolu bir \u015fevkle at\u0131lma; hatalardan ve g\u00fcnahlardan temizlenerek, hay\u0131rl\u0131 ve yararl\u0131 i\u015fler yapma ve iyilikte yar\u0131\u015fma zaman\u0131d\u0131r.<br \/>\nDini hayat\u0131m\u0131za pozitif anlamda yeni bir heyecan, canl\u0131l\u0131k ve ivme kazand\u0131ran \u00fc\u00e7 aylar ve bu aylar i\u00e7inde yer alan kandiller, yarat\u0131l\u0131\u015f gayemizi d\u00fc\u015f\u00fcnmemiz, yaratan ve yarat\u0131lanlarla olan m\u00fcnasebetlerimizi de\u011ferlendirmemiz i\u00e7in son derece \u00f6nemli gecelerdir. Ba\u015fka bir deyi\u015fle kandil olarak adland\u0131rd\u0131\u011f\u0131m\u0131z bu geceler, g\u00f6n\u00fcl evlerimizi ayd\u0131nlatan \u0131\u015f\u0131klard\u0131r. Regaib Kandili, Y\u00fcce Allah&#8221;\u0131n af ve ma\u011ffiretinin istendi\u011fi, umut, huzur ve ilah&icirc; m\u00fcjdelerle dolu bir gecedir. Bu nedenle, bu m\u00fcbarek gece ve onu izleyen g\u00fcnler, Yarat\u0131c\u0131m\u0131za, ailemize, \u00e7ocuklar\u0131m\u0131za, yak\u0131nlar\u0131m\u0131za, milletimize ve t\u00fcm insanl\u0131\u011fa kar\u015f\u0131 g\u00f6rev ve sorumluluklar\u0131m\u0131z\u0131n oldu\u011funu bir kez daha hat\u0131rlamaya ve hat\u0131rlatmaya, yanl\u0131\u015f ve kusurlar\u0131m\u0131zdan d\u00f6nmeye vesile olmal\u0131d\u0131r.&#8221;dedi.<br \/>\n&#8220;Camilerimizde tertip edilen programlara kat\u0131lmaya \u00e7al\u0131\u015fal\u0131m&#8221;<br \/>\nBu gece i\u00e7in \u00f6zel bir ibadet \u015fekli olmad\u0131\u011f\u0131n\u0131 aktaran \u0130l M\u00fcft\u00fcs\u00fc Mevl\u00fct Halilo\u011flu, konu\u015fmas\u0131n\u0131 \u015f\u00f6yle s\u00fcrd\u00fcrd\u00fc:<br \/>\n&#8221; Peygamberimiz (a.s) taraf\u0131ndan bu geceye i\u00e7in tavsiye edilmi\u015f \u00f6zel bir ibadet \u015fekli yoktur. Bu geceyi, g\u00fcnahlar\u0131m\u0131za tevbe ve isti\u011ffarda bulunarak, kaza ve nafile namaz\u0131 k\u0131larak, Kur&#8221;an okuyup onun engin manas\u0131n\u0131 kavramaya \u00e7al\u0131\u015farak, ihtiya\u00e7 olanlara yard\u0131mda bulunarak vb. bildi\u011fimiz ibadetleri yaparak de\u011ferlendirmeye \u00e7al\u0131\u015fal\u0131m. Bu bereketli aylar\u0131n ve i\u00e7inde idrak edece\u011fimiz kandillerin sevin\u00e7 ve mutlulu\u011funu sevdiklerimizle payla\u015fal\u0131m. Camilerimizde tertip edilen programlara kat\u0131lmaya \u00e7al\u0131\u015fal\u0131m. \u00c7ocuklar\u0131m\u0131z\u0131n da bu manevi iklimden hisselerini almalar\u0131 i\u00e7in elimizden geleni yapal\u0131m, diyerek t\u00fcm \u0130slam aleminin \u00fc\u00e7 aylar\u0131n\u0131 ve kandilini kutluyorum&#8221;\n <\/p><\/p>\n","protected":false},"excerpt":{"rendered":"<p> Ad\u0131yaman \u0130l M\u00fcft\u00fcs\u00fc Mevl\u00fct Halilo\u011flu, \u00dc\u00e7 Aylar\u0131n M\u00fcsl\u00fcmanlar i\u00e7in bir f\u0131rsat oldu\u011funu, bol bol dua edip, t\u00f6vbe edilmesi gerekti\u011fini ifade etti.<\/p>\n","protected":false},"author":1,"featured_media":10438,"comment_status":"open","ping_status":"open","sticky":false,"template":"","format":"standard","meta":{"om_disable_all_campaigns":false,"_monsterinsights_skip_tracking":false,"_monsterinsights_sitenote_active":false,"_monsterinsights_sitenote_note":"","_monsterinsights_sitenote_category":0,"footnotes":""},"categories":[1,11],"tags":[1813,540,806,533,1812],"aioseo_notices":[],"_links":{"self":[{"href":"https:\/\/www.hbrkahta.com\/index.php\/wp-json\/wp\/v2\/posts\/10437"}],"collection":[{"href":"https:\/\/www.hbrkahta.com\/index.php\/wp-json\/wp\/v2\/posts"}],"about":[{"href":"https:\/\/www.hbrkahta.com\/index.php\/wp-json\/wp\/v2\/types\/post"}],"author":[{"embeddable":true,"href":"https:\/\/www.hbrkahta.com\/index.php\/wp-json\/wp\/v2\/users\/1"}],"replies":[{"embeddable":true,"href":"https:\/\/www.hbrkahta.com\/index.php\/wp-json\/wp\/v2\/comments?post=10437"}],"version-history":[{"count":1,"href":"https:\/\/www.hbrkahta.com\/index.php\/wp-json\/wp\/v2\/posts\/10437\/revisions"}],"predecessor-version":[{"id":10439,"href":"https:\/\/www.hbrkahta.com\/index.php\/wp-json\/wp\/v2\/posts\/10437\/revisions\/10439"}],"wp:featuredmedia":[{"embeddable":true,"href":"https:\/\/www.hbrkahta.com\/index.php\/wp-json\/wp\/v2\/media\/10438"}],"wp:attachment":[{"href":"https:\/\/www.hbrkahta.com\/index.php\/wp-json\/wp\/v2\/media?parent=10437"}],"wp:term":[{"taxonomy":"category","embeddable":true,"href":"https:\/\/www.hbrkahta.com\/index.php\/wp-json\/wp\/v2\/categories?post=10437"},{"taxonomy":"post_tag","embeddable":true,"href":"https:\/\/www.hbrkahta.com\/index.php\/wp-json\/wp\/v2\/tags?post=10437"}],"curies":[{"name":"wp","href":"https:\/\/api.w.org\/{rel}","templated":true}]}}