{"id":10362,"date":"2024-12-28T20:47:58","date_gmt":"2024-12-28T17:47:58","guid":{"rendered":"https:\/\/www.hbrkahta.com\/?p=10362"},"modified":"2024-12-28T20:47:58","modified_gmt":"2024-12-28T17:47:58","slug":"ak-parti-milletvekili-resul-kurt-pkk-silah-birakmali-demokratik-cozum-yolunda-ilerlenmeli","status":"publish","type":"post","link":"https:\/\/www.hbrkahta.com\/index.php\/2024\/12\/28\/ak-parti-milletvekili-resul-kurt-pkk-silah-birakmali-demokratik-cozum-yolunda-ilerlenmeli\/","title":{"rendered":"AK Parti Milletvekili Resul Kurt: &#8216;PKK silah b\u0131rakmal\u0131, demokratik \u00e7\u00f6z\u00fcm yolunda ilerlenmeli&#8217;"},"content":{"rendered":"<p>&#8220;Art\u0131k Silahla Hak Arama D\u00f6nemi Bitmi\u015ftir&#8221;<\/p>\n<p>Perre Haber Ajans\u0131 mikrofonlar\u0131na konu\u015fan Kurt, ge\u00e7mi\u015fte ya\u015fanan sorunlar\u0131 hat\u0131rlatarak \u015funlar\u0131 s\u00f6yledi:<\/p>\n<p>&ldquo;Otuz y\u0131l, k\u0131rk y\u0131l \u00f6nce ger\u00e7ekten \u00e7ok b\u00fcy\u00fck bir K\u00fcrt sorunu vard\u0131. Kamu g\u00f6revlileri eliyle yap\u0131lan k\u00f6t\u00fc uygulamalar, ayr\u0131mc\u0131l\u0131k ve bask\u0131lar maalesef \u00fclkemizi yaralam\u0131\u015ft\u0131. Ancak bug\u00fcn demokratik bir zeminde, vatanda\u015flar\u0131m\u0131z\u0131n t\u00fcm haklardan e\u015fit \u015fekilde faydaland\u0131\u011f\u0131, kamu hizmetlerine ula\u015fabildi\u011fi bir d\u00f6nemdeyiz. Tarihin hi\u00e7bir d\u00f6neminde silahla hak aramak m\u00fcmk\u00fcn olmam\u0131\u015ft\u0131r, bundan sonra da olmayacakt\u0131r. Demokratik unsurlar \u00e7er\u00e7evesinde K\u00fcrt k\u00f6kenli vatanda\u015flar\u0131m\u0131z bug\u00fcn her partide temsil edilmektedir; Milliyet\u00e7i Hareket Partisi\u2019nde, AK Parti\u2019de, DEM Parti\u2019de, CHP\u2019de ve di\u011fer siyasi partilerde aktif olarak g\u00f6rev yapmaktad\u0131r. Bug\u00fcn hem Meclis\u2019te hem de h\u00fck\u00fcmette \u00fcst d\u00fczey g\u00f6revlerde bulunan K\u00fcrt k\u00f6kenli vatanda\u015flar\u0131m\u0131z vard\u0131r.&rdquo;<\/p>\n<p>&#8220;Bah\u00e7eli Tarihi Bir Sorumluluk Ald\u0131&#8221;<\/p>\n<p>Kurt, MHP Genel Ba\u015fkan\u0131 Devlet Bah\u00e7eli\u2019nin bar\u0131\u015f \u00e7a\u011fr\u0131s\u0131n\u0131 de\u011ferlendirerek, bunun T\u00fcrkiye\u2019nin huzuru i\u00e7in \u00f6nemli bir ad\u0131m oldu\u011funu ifade etti:<\/p>\n<p>&ldquo;Cumhur \u0130ttifak\u0131 orta\u011f\u0131m\u0131z Say\u0131n Devlet Bah\u00e7eli, b\u00fcy\u00fck bir tarihi sorumluluk alarak bar\u0131\u015f elini uzatm\u0131\u015ft\u0131r. \u0130nsanlar\u0131n haklar\u0131n\u0131 silahla de\u011fil, sand\u0131kla ve se\u00e7imle aramas\u0131 gerekti\u011fini vurgulam\u0131\u015ft\u0131r. Bu \u00e7a\u011fr\u0131 bug\u00fcn kar\u015f\u0131l\u0131k bulmu\u015ftur. Adalet Bakanl\u0131\u011f\u0131\u2019n\u0131n izniyle, DEM Parti\u2019den iki milletvekili Abdullah \u00d6calan ile bir g\u00f6r\u00fc\u015fme ger\u00e7ekle\u015ftirecektir. Bu g\u00f6r\u00fc\u015fmede, T\u00fcrkiye\u2019nin bar\u0131\u015f ve huzur ortam\u0131na katk\u0131 sa\u011flayacak bir yol haritas\u0131 m\u00fczakere edilecektir.&rdquo;<\/p>\n<p>&#8220;PKK Ter\u00f6r \u00d6rg\u00fct\u00fc Oldu\u011funu Kabul Etmeli ve Silah B\u0131rakmal\u0131&#8221;<\/p>\n<p>Kurt, PKK\u2019n\u0131n silah b\u0131rakmas\u0131n\u0131n, T\u00fcrkiye\u2019nin huzur ve kalk\u0131nmas\u0131 i\u00e7in ka\u00e7\u0131n\u0131lmaz bir ad\u0131m oldu\u011funu belirtti:<\/p>\n<p>&ldquo;\u00dcmit ediyorum ki DEM Parti bu s\u00fcre\u00e7te PKK\u2019n\u0131n bir ter\u00f6r \u00f6rg\u00fct\u00fc oldu\u011funu kabul ederek, silahlar\u0131n b\u0131rak\u0131lmas\u0131 gerekti\u011fini a\u00e7\u0131k\u00e7a ifade eder. Ter\u00f6rle, silahla, insan \u00f6ld\u00fcrerek hi\u00e7bir hak elde edilemez. Bu s\u00fcre\u00e7, T\u00fcrkiye\u2019nin huzuru, ekonomik kalk\u0131nmas\u0131 ve vatanda\u015flar\u0131m\u0131z\u0131n refah\u0131 i\u00e7in \u00f6nemli bir f\u0131rsatt\u0131r.&rdquo;<\/p>\n<p>&#8220;K\u00fcrt Sorununun \u00c7\u00f6z\u00fcm\u00fcnde B\u00fcy\u00fck Mesafeler Kat Edildi&#8221;<\/p>\n<p>Kurt, ge\u00e7mi\u015ften bug\u00fcne K\u00fcrt meselesinde ya\u015fanan de\u011fi\u015fimlere dikkat \u00e7ekti:<\/p>\n<p>&ldquo;Ge\u00e7mi\u015fte K\u00fcrt\u00e7e konu\u015fmak, \u015fark\u0131 s\u00f6ylemek, hatta K\u00fcrt\u00e7e kaset \u00e7\u0131karmak bile su\u00e7tu. \u0130nsanlar bu y\u00fczden hapse at\u0131l\u0131yordu. Bug\u00fcn ise \u00fcniversitelerde K\u00fcrt\u00e7e derslerin okutuldu\u011fu, dil ve din \u00f6zg\u00fcrl\u00fc\u011f\u00fcn\u00fcn hi\u00e7bir engelle kar\u015f\u0131la\u015fmad\u0131\u011f\u0131 bir d\u00f6nemdeyiz. T\u00fcrkiye\u2019nin bu noktaya gelmesi, demokratikle\u015fme s\u00fcrecinin ve Cumhur \u0130ttifak\u0131\u2019n\u0131n vizyonunun bir sonucudur.&rdquo;<\/p>\n<p>&#8220;PKK Kapanmal\u0131, Vatanda\u015flar\u0131n Huzuruna Katk\u0131 Sa\u011flanmal\u0131&#8221;<\/p>\n<p>Kurt, a\u00e7\u0131klamas\u0131n\u0131 \u015fu s\u00f6zlerle tamamlad\u0131:<\/p>\n<p>&ldquo;PKK\u2019n\u0131n ter\u00f6r faaliyetlerine son vermesi, silah b\u0131rakmas\u0131 ve tamamen kapanmas\u0131, T\u00fcrkiye\u2019nin birli\u011fi ve vatanda\u015flar\u0131m\u0131z\u0131n huzuru i\u00e7in elzemdir. Bu \u00e7er\u00e7evede at\u0131lacak her ad\u0131m, bar\u0131\u015f ortam\u0131n\u0131 g\u00fc\u00e7lendirecek ve \u00fclkemizin kalk\u0131nmas\u0131na katk\u0131 sa\u011flayacakt\u0131r. T\u00fcm vatanda\u015flar\u0131m\u0131z\u0131n huzur ve refah i\u00e7inde ya\u015famas\u0131 en b\u00fcy\u00fck temennimizdir.&rdquo;<\/p><\/p>\n","protected":false},"excerpt":{"rendered":"<p> G\u00fcner KUZU &#8211; Ad\u0131yaman\u2019da ger\u00e7ekle\u015ftirilen AK Parti 8. Ola\u011fan \u0130l Kongresi\u2019nde konu\u015fan AK Parti Ad\u0131yaman Milletvekili Resul Kurt, Milliyet\u00e7i Hareket Partisi (MHP) Genel Ba\u015fkan\u0131 Devlet Bah\u00e7eli\u2019nin \u00e7a\u011fr\u0131s\u0131 ve Adalet Bakanl\u0131\u011f\u0131\u2019n\u0131n onay\u0131yla ger\u00e7ekle\u015fen Abdullah \u00d6calan ziyareti hakk\u0131nda \u00f6nemli a\u00e7\u0131klamalarda bulundu. Kurt, K\u00fcrt sorununa dair demokratik \u00e7\u00f6z\u00fcm\u00fcn alt\u0131n\u0131 \u00e7izerek, PKK\u2019n\u0131n silah b\u0131rakmas\u0131 gerekti\u011fini vurgulad\u0131.<\/p>\n","protected":false},"author":1,"featured_media":10363,"comment_status":"open","ping_status":"open","sticky":false,"template":"","format":"standard","meta":{"om_disable_all_campaigns":false,"_monsterinsights_skip_tracking":false,"_monsterinsights_sitenote_active":false,"_monsterinsights_sitenote_note":"","_monsterinsights_sitenote_category":0,"footnotes":""},"categories":[1,11],"tags":[540,1805,1036,129,195],"aioseo_notices":[],"_links":{"self":[{"href":"https:\/\/www.hbrkahta.com\/index.php\/wp-json\/wp\/v2\/posts\/10362"}],"collection":[{"href":"https:\/\/www.hbrkahta.com\/index.php\/wp-json\/wp\/v2\/posts"}],"about":[{"href":"https:\/\/www.hbrkahta.com\/index.php\/wp-json\/wp\/v2\/types\/post"}],"author":[{"embeddable":true,"href":"https:\/\/www.hbrkahta.com\/index.php\/wp-json\/wp\/v2\/users\/1"}],"replies":[{"embeddable":true,"href":"https:\/\/www.hbrkahta.com\/index.php\/wp-json\/wp\/v2\/comments?post=10362"}],"version-history":[{"count":1,"href":"https:\/\/www.hbrkahta.com\/index.php\/wp-json\/wp\/v2\/posts\/10362\/revisions"}],"predecessor-version":[{"id":10364,"href":"https:\/\/www.hbrkahta.com\/index.php\/wp-json\/wp\/v2\/posts\/10362\/revisions\/10364"}],"wp:featuredmedia":[{"embeddable":true,"href":"https:\/\/www.hbrkahta.com\/index.php\/wp-json\/wp\/v2\/media\/10363"}],"wp:attachment":[{"href":"https:\/\/www.hbrkahta.com\/index.php\/wp-json\/wp\/v2\/media?parent=10362"}],"wp:term":[{"taxonomy":"category","embeddable":true,"href":"https:\/\/www.hbrkahta.com\/index.php\/wp-json\/wp\/v2\/categories?post=10362"},{"taxonomy":"post_tag","embeddable":true,"href":"https:\/\/www.hbrkahta.com\/index.php\/wp-json\/wp\/v2\/tags?post=10362"}],"curies":[{"name":"wp","href":"https:\/\/api.w.org\/{rel}","templated":true}]}}