{"id":10338,"date":"2024-12-28T19:11:58","date_gmt":"2024-12-28T16:11:58","guid":{"rendered":"https:\/\/www.hbrkahta.com\/?p=10338"},"modified":"2024-12-28T19:11:58","modified_gmt":"2024-12-28T16:11:58","slug":"cumhurbaskani-erdogan-faiz-inecek-ki-enflasyon-da-insin-bu-bizim-olmazsa-olmazimiz","status":"publish","type":"post","link":"https:\/\/www.hbrkahta.com\/index.php\/2024\/12\/28\/cumhurbaskani-erdogan-faiz-inecek-ki-enflasyon-da-insin-bu-bizim-olmazsa-olmazimiz\/","title":{"rendered":"Cumhurba\u015fkan\u0131 Erdo\u011fan: &#8216;Faiz inecek ki enflasyon da insin. Bu, bizim olmazsa olmaz\u0131m\u0131z&#8217;"},"content":{"rendered":"<p>Cumhurba\u015fkan\u0131 Erdo\u011fan, faiz indirimi konusundaki kararl\u0131l\u0131\u011f\u0131n\u0131 vurgulayarak, &#8220;2025, faizin indirilece\u011fi y\u0131l olacak. Faiz inecek ki enflasyon da insin&#8221; dedi. Asgari \u00fccret ele\u015ftirilerine de yan\u0131t veren Erdo\u011fan, &#8220;\u0130\u015fveren daha fazla vermek istiyorsa versin, kimse onlar\u0131 engellemiyor&#8221; ifadelerini kulland\u0131.<\/p>\n<p>&#8220;Bursa, Karde\u015flik \u015eehridir&#8221;<\/p>\n<p>Konu\u015fmas\u0131nda Bursa\u2019n\u0131n tarihsel ve k\u00fclt\u00fcrel \u00f6nemine dikkat \u00e7eken Cumhurba\u015fkan\u0131 Erdo\u011fan, \u015fehri sadece T\u00fcrkiye i\u00e7in de\u011fil, Balkanlar ve Ortado\u011fu i\u00e7in de bir ba\u011f olarak tan\u0131mlad\u0131:<\/p>\n<p>&#8220;Bursa, \u00dcsk\u00fcp\u2019\u00fcn karde\u015fi oldu\u011fu kadar Saraybosna\u2019n\u0131n da karde\u015fidir. Bursa, Halep\u2019in, Humus\u2019un ve \u015eam\u2019\u0131n da karde\u015fidir. Bu \u015fehir, tarihten gelen k\u00f6kl\u00fc karde\u015flik ba\u011flar\u0131n\u0131 modern T\u00fcrkiye\u2019nin kalk\u0131nmas\u0131nda bir lokomotif olarak s\u00fcrd\u00fcr\u00fcyor.&#8221;<\/p>\n<p>&#8220;Faiz ve Enflasyon M\u00fccadelesinde Kararl\u0131y\u0131z&#8221;<\/p>\n<p>Cumhurba\u015fkan\u0131 Erdo\u011fan, ekonomik programlar\u0131n\u0131n temel hedefinin enflasyon ve faiz oranlar\u0131n\u0131 d\u00fc\u015f\u00fcrmek oldu\u011funu belirtti:<\/p>\n<p>&#8220;Faizi kesinlikle indirmeye ba\u015flayaca\u011f\u0131z. 2025 bunun i\u015faret y\u0131l\u0131 olacak. Faiz inecek ki enflasyon da insin. Bu, bizim olmazsa olmaz\u0131m\u0131z. Uygulad\u0131\u011f\u0131m\u0131z programla enflasyonu d\u00fc\u015f\u00fcrerek milletimizin refah kayb\u0131n\u0131 telafi edece\u011fiz. Ayr\u0131ca l\u00fcks t\u00fcketim d\u0131\u015f\u0131nda temel ihtiya\u00e7 maddelerinde vatanda\u015fa uygun fiyatlar sunacak yeni mekanizmalar geli\u015ftirece\u011fiz.&#8221;<\/p>\n<p>Asgari \u00dccret ve \u0130\u015fverenlere Mesaj<\/p>\n<p>Asgari \u00fccret tart\u0131\u015fmalar\u0131na de\u011finen Erdo\u011fan, yap\u0131lan zamm\u0131n istihdam, enflasyon ve gelir dengesi g\u00f6zetilerek belirlendi\u011fini s\u00f6yledi:<\/p>\n<p>&#8220;Asgari \u00fccret, \u00e7al\u0131\u015fan\u0131n alabilece\u011fi en alt maa\u015f seviyesini ifade eder. \u0130\u015fveren daha fazla vermek istiyorsa versin, kimse \u00f6n\u00fcn\u00fc kesmiyor. Biz taban\u0131 belirliyoruz, i\u015fveren dilerse \u00fcst\u00fcne \u00e7\u0131kar. 2025 y\u0131l\u0131 enflasyon hedefimize ula\u015faca\u011f\u0131m\u0131zdan eminiz.&#8221;<\/p>\n<p>&#8220;Fahi\u015f Fiyat Art\u0131\u015f\u0131 Yapanlar\u0131 Boykot Edin&#8221;<\/p>\n<p>Erdo\u011fan, serbest piyasa ekonomisini suistimal edenlere kar\u015f\u0131 halk\u0131 bilin\u00e7li davranmaya \u00e7a\u011f\u0131rd\u0131:<\/p>\n<p>&#8220;Fahi\u015f fiyat art\u0131\u015f\u0131 yapan \u00fcr\u00fcn ve hizmetleri boykot etmeliyiz. Sat\u0131lmayan \u00fcr\u00fcn, kullan\u0131lmayan hizmetin bir de\u011feri kalmaz. Milletimizin bu konuda g\u00f6sterece\u011fi irade, serbest piyasa d\u00fczenini sa\u011fl\u0131kl\u0131 bir zemine oturtacakt\u0131r.&#8221;<\/p>\n<p>&#8220;Konut Seferberli\u011fi Ba\u015flataca\u011f\u0131z&#8221;<\/p>\n<p>Cumhurba\u015fkan\u0131 Erdo\u011fan, deprem b\u00f6lgelerindeki yeniden in\u015fa faaliyetlerinin h\u0131zla devam etti\u011fini belirterek, 2025\u2019te yeni bir sosyal konut hamlesi ba\u015flat\u0131laca\u011f\u0131n\u0131 duyurdu:<\/p>\n<p>&#8220;Deprem b\u00f6lgelerindeki in\u015fa s\u00fcrecini b\u00fcy\u00fck oranda tamaml\u0131yoruz. Yaz aylar\u0131ndan itibaren sosyal konut seferberli\u011fi ba\u015flataca\u011f\u0131z. Bu projelerle hem konut hem de kira fiyatlar\u0131ndaki balonu s\u00f6nd\u00fcrece\u011fiz. \u00d6zellikle yeni yuva kuran gen\u00e7lerimize \u00f6ncelik tan\u0131yaca\u011f\u0131z.&#8221;<\/p>\n<p>H\u0131zl\u0131 Tren Projesi: Bursa ve T\u00fcrkiye\u2019yi Birle\u015ftiren Hat<\/p>\n<p>Cumhurba\u015fkan\u0131 Erdo\u011fan, Bursa\u2019n\u0131n ula\u015f\u0131m altyap\u0131s\u0131na ili\u015fkin yat\u0131r\u0131mlar\u0131 da de\u011ferlendirdi:<\/p>\n<p>&#8220;Band\u0131rma-Bursa-Yeni\u015fehir-Osmaneli h\u0131zl\u0131 tren hatt\u0131n\u0131n yap\u0131m\u0131 s\u00fcr\u00fcyor. 2026 y\u0131l\u0131 sonuna kadar hatt\u0131 tamamlamay\u0131 hedefliyoruz. Bu hat sayesinde Ankara-Bursa ve \u0130stanbul-Bursa aras\u0131 seyahat s\u00fcresi 2 saat 15 dakikaya d\u00fc\u015fecek. Bursa, bu projeyle ula\u015f\u0131mda da bir merkez haline gelecek.&#8221;<\/p>\n<p>&#8220;Saflar\u0131m\u0131z\u0131 Daha da S\u0131kla\u015ft\u0131raca\u011f\u0131z&#8221;<\/p>\n<p>Parti te\u015fkilat\u0131na seslenen Erdo\u011fan, birlik ve beraberlik \u00e7a\u011fr\u0131s\u0131nda bulundu:<\/p>\n<p>&#8220;Her ne sebeple olursa olsun te\u015fkilatlar\u0131m\u0131zdan uzak kalanlar\u0131 yeniden kazanaca\u011f\u0131z. Saflar\u0131m\u0131z\u0131 s\u0131kla\u015ft\u0131racak, kalpleri tamir edece\u011fiz. Gelece\u011fe dair umutlu olmak i\u00e7in bir\u00e7ok sebebimiz var. Bursa\u2019n\u0131n sanayi ve \u00fcretim alan\u0131ndaki at\u0131l\u0131mlar\u0131yla T\u00fcrkiye\u2019nin kalk\u0131nmas\u0131na b\u00fcy\u00fck katk\u0131lar sundu\u011funu g\u00f6rmek beni ayr\u0131ca gururland\u0131r\u0131yor.&#8221;<\/p>\n<p>Erdo\u011fan\u2019\u0131n Vizyonu: 2025\u2019te Yeni D\u00f6nem Ba\u015flayacak<\/p>\n<p>Cumhurba\u015fkan\u0131 Erdo\u011fan\u2019\u0131n konu\u015fmas\u0131nda \u00f6zellikle faiz indirimi, sosyal konut projeleri ve h\u0131zl\u0131 tren gibi somut hedefler \u00f6ne \u00e7\u0131kt\u0131. Ekonomik zorluklar\u0131 a\u015fma ve enflasyonla m\u00fccadelede kararl\u0131l\u0131k vurgusu yapan Erdo\u011fan, 2025 y\u0131l\u0131n\u0131 bu hedeflerin ger\u00e7ekle\u015fece\u011fi y\u0131l olarak i\u015faret etti.<\/p><\/p>\n","protected":false},"excerpt":{"rendered":"<p> G\u00fclbahar S\u00dcNG\u00dc &#8211; Cumhurba\u015fkan\u0131 ve AK Parti Genel Ba\u015fkan\u0131 Recep Tayyip Erdo\u011fan, AK Parti Ad\u0131yaman \u0130l Ba\u015fkanl\u0131\u011f\u0131 Ola\u011fan Kongresi&#8217;ne Bursa&#8217;dan ba\u011fland\u0131. AK Parti Bursa 8. Ola\u011fan \u0130l Kongresi&#8217;nde yapt\u0131\u011f\u0131 konu\u015fmada ekonomik hedefler, asgari \u00fccret ve ula\u015f\u0131m projelerine dair \u00f6nemli mesajlar verdi.<\/p>\n","protected":false},"author":1,"featured_media":10339,"comment_status":"open","ping_status":"open","sticky":false,"template":"","format":"standard","meta":{"om_disable_all_campaigns":false,"_monsterinsights_skip_tracking":false,"_monsterinsights_sitenote_active":false,"_monsterinsights_sitenote_note":"","_monsterinsights_sitenote_category":0,"footnotes":""},"categories":[1,11],"tags":[540,17,111,187,113],"aioseo_notices":[],"_links":{"self":[{"href":"https:\/\/www.hbrkahta.com\/index.php\/wp-json\/wp\/v2\/posts\/10338"}],"collection":[{"href":"https:\/\/www.hbrkahta.com\/index.php\/wp-json\/wp\/v2\/posts"}],"about":[{"href":"https:\/\/www.hbrkahta.com\/index.php\/wp-json\/wp\/v2\/types\/post"}],"author":[{"embeddable":true,"href":"https:\/\/www.hbrkahta.com\/index.php\/wp-json\/wp\/v2\/users\/1"}],"replies":[{"embeddable":true,"href":"https:\/\/www.hbrkahta.com\/index.php\/wp-json\/wp\/v2\/comments?post=10338"}],"version-history":[{"count":1,"href":"https:\/\/www.hbrkahta.com\/index.php\/wp-json\/wp\/v2\/posts\/10338\/revisions"}],"predecessor-version":[{"id":10340,"href":"https:\/\/www.hbrkahta.com\/index.php\/wp-json\/wp\/v2\/posts\/10338\/revisions\/10340"}],"wp:featuredmedia":[{"embeddable":true,"href":"https:\/\/www.hbrkahta.com\/index.php\/wp-json\/wp\/v2\/media\/10339"}],"wp:attachment":[{"href":"https:\/\/www.hbrkahta.com\/index.php\/wp-json\/wp\/v2\/media?parent=10338"}],"wp:term":[{"taxonomy":"category","embeddable":true,"href":"https:\/\/www.hbrkahta.com\/index.php\/wp-json\/wp\/v2\/categories?post=10338"},{"taxonomy":"post_tag","embeddable":true,"href":"https:\/\/www.hbrkahta.com\/index.php\/wp-json\/wp\/v2\/tags?post=10338"}],"curies":[{"name":"wp","href":"https:\/\/api.w.org\/{rel}","templated":true}]}}