{"id":10069,"date":"2024-12-19T17:36:00","date_gmt":"2024-12-19T14:36:00","guid":{"rendered":"https:\/\/www.hbrkahta.com\/?p=10069"},"modified":"2024-12-19T17:36:00","modified_gmt":"2024-12-19T14:36:00","slug":"chpli-engin-dogan-yikilacak-okula-25-milyon-harcandi-bu-para-depremzededen-cikti","status":"publish","type":"post","link":"https:\/\/www.hbrkahta.com\/index.php\/2024\/12\/19\/chpli-engin-dogan-yikilacak-okula-25-milyon-harcandi-bu-para-depremzededen-cikti\/","title":{"rendered":"CHP&#8217;li Engin Do\u011fan, y\u0131k\u0131lacak okula 25 milyon harcand\u0131, bu para depremzededen \u00e7\u0131kt\u0131"},"content":{"rendered":"<p>Ad\u0131yaman&#8217;\u0131n tarihi e\u011fitim yuvalar\u0131ndan biri olan Cumhuriyet \u0130lkokulu\u2019nun \u00f6nce tadilat ve g\u00fc\u00e7lendirme \u00e7al\u0131\u015fmalar\u0131 i\u00e7in 25 milyon lira harcan\u0131p, ard\u0131ndan \u00c7ar\u015f\u0131 Projesi kapsam\u0131nda y\u0131k\u0131lacak olmas\u0131, kentte b\u00fcy\u00fck tepkilere neden oldu. CHP Ad\u0131yaman \u0130l \u00d6rg\u00fct\u00fc, okul \u00f6n\u00fcnde bas\u0131n a\u00e7\u0131klamas\u0131 yaparak, &#8220;Bu beceriksizliktir, plans\u0131zl\u0131kt\u0131r, koordinesizliktir. \u0130ki bakanl\u0131k aras\u0131ndaki ileti\u015fimsizlik faturas\u0131n\u0131 Ad\u0131yaman halk\u0131 \u00f6d\u00fcyor&#8221; ifadelerini kulland\u0131.<\/p>\n<p>&#8220;AKP\u2019nin Koordinasyonsuzlu\u011fu Y\u00fcz\u00fcnden 25 Milyon \u00c7\u00f6pe Gitti&#8221;<\/p>\n<p>CHP Ad\u0131yaman \u0130l \u00d6rg\u00fct\u00fc ad\u0131na yap\u0131lan a\u00e7\u0131klamada, Ad\u0131yaman&#8217;da depremzedelerin b\u00fcy\u00fck zorluklar ya\u015fad\u0131\u011f\u0131, ancak buna ra\u011fmen devlete g\u00fcvenip vergilerini \u00f6dedi\u011fi hat\u0131rlat\u0131larak, bu paralar\u0131n bo\u015fa harcand\u0131\u011f\u0131na dikkat \u00e7ekildi. CHP&#8217;li yetkililer, &#8220;Bu okula 25 milyon lira tadilat ve g\u00fc\u00e7lendirme paras\u0131 harcad\u0131lar. Ama ne oldu? \u015eimdi &lsquo;\u00c7ar\u015f\u0131 Projesi\u2019 dediler, bu okulu birinci etaba dahil ettiler ve y\u0131kma karar\u0131 ald\u0131lar. Peki madem y\u0131kacakt\u0131n, neden bu tadilat\u0131 yapt\u0131n? Neden 25 milyon lira harcad\u0131n?&rdquo; ifadeleriyle tepkilerini dile getirdiler.<\/p>\n<p>&#8220;Bu Para Depremzedenin Cebinden \u00c7\u0131kt\u0131&#8221;<\/p>\n<p>CHP Ad\u0131yaman \u0130l \u00d6rg\u00fct\u00fc, Ad\u0131yaman halk\u0131na seslenerek \u015fu ifadelere yer verdi:<\/p>\n<p>&ldquo;Bu paray\u0131 babalar\u0131n\u0131n kesesinden mi verdiler? Kendi ceplerinden mi verdiler? Hay\u0131r! Bu para yine Ad\u0131yamanl\u0131 fukaran\u0131n cebinden \u00e7\u0131kt\u0131. Depremzedeler i\u00e7in kullan\u0131labilecek para, iki bakanl\u0131\u011f\u0131n beceriksizli\u011fi y\u00fcz\u00fcnden \u00e7\u00f6pe at\u0131ld\u0131.&rdquo;<\/p>\n<p>Bu s\u00f6zlerle, \u00c7evre, \u015eehircilik ve \u0130klim De\u011fi\u015fikli\u011fi Bakanl\u0131\u011f\u0131 ile Milli E\u011fitim Bakanl\u0131\u011f\u0131 aras\u0131ndaki koordinasyonsuzlu\u011fa dikkat \u00e7ekildi. &ldquo;Emekliye tasarruf, i\u015f\u00e7iye tasarruf, \u00f6\u011fretmene tasarruf. Ama konu kendi hatalar\u0131 oldu\u011funda 25 milyon liray\u0131 \u00e7\u00f6pe atarlar&rdquo; denilen a\u00e7\u0131klamada, bu paran\u0131n 5 bin depremzede aileye 5 bin lira nakit deste\u011fi olarak verilebilece\u011fi vurguland\u0131.<\/p>\n<p>&#8220;Emekliye Tasarruf, \u00d6\u011frenciye Tasarruf, Kendilerine \u0130sraf&#8221;<\/p>\n<p>CHP\u2019li yetkililer, iktidar\u0131n halka s\u00fcrekli tasarruf \u00f6\u011f\u00fctledi\u011fini ama kamu kaynaklar\u0131n\u0131n israf edilmesine g\u00f6z yumdu\u011funu belirtti. A\u00e7\u0131klamada \u015fu ifadeler kullan\u0131ld\u0131:<\/p>\n<p>&ldquo;Emekliye tasarruf derler, iki \u00e7ay i\u00e7erken bile d\u00fc\u015f\u00fcn\u00fcn derler. \u00dcniversite \u00f6\u011frencisine tasarruf derler, a\u00e7 kalan \u00e7ocuklara tasarruf derler. Anneler, \u00e7ocuklar\u0131n\u0131n beslenme \u00e7antas\u0131na peynir, zeytin koyamaz. Ama konu kendilerine gelince 25 milyon liray\u0131 \u00e7\u00f6pe atarlar. Bu nas\u0131l bir adalet, bu nas\u0131l bir vicdand\u0131r?&rdquo;<\/p>\n<p>&#8220;5 Bin Depremzede Aileye Yard\u0131m Olarak Verilebilirdi&#8221;<\/p>\n<p>Yap\u0131lan a\u00e7\u0131klamada, 25 milyon lira ile neler yap\u0131labilece\u011fine dair \u00f6rnekler de verildi. CHP yetkilileri, &#8220;Bu para be\u015f bin depremzede aileye 5 bin lira olarak da\u011f\u0131t\u0131labilirdi. Ama bu para, Ad\u0131yaman halk\u0131n\u0131n paras\u0131n\u0131 israf eden bu anlay\u0131\u015f y\u00fcz\u00fcnden \u00e7\u00f6pe gitti&rdquo; ifadelerini kulland\u0131.<\/p>\n<p>&#8220;CHP Olarak Bu Paran\u0131n Hesab\u0131n\u0131 Soraca\u011f\u0131z&#8221;<\/p>\n<p>Cumhuriyet Halk Partisi Ad\u0131yaman \u0130l \u00d6rg\u00fct\u00fc, 25 milyon liral\u0131k bu zarar\u0131n hesab\u0131n\u0131 sormak i\u00e7in gerekli giri\u015fimlerde bulunacaklar\u0131n\u0131 belirtti. &ldquo;Cumhuriyet Halk Partisi Ad\u0131yaman \u0130l \u00d6rg\u00fct\u00fc olarak bu paran\u0131n pe\u015fini b\u0131rakmayaca\u011f\u0131z. Sonuna kadar takip\u00e7isi olaca\u011f\u0131z. Ad\u0131yaman halk\u0131n\u0131n bir kuru\u015funu dahi heba etmeyece\u011fiz&rdquo; denilerek, Ad\u0131yaman halk\u0131na destek \u00e7a\u011fr\u0131s\u0131 yap\u0131ld\u0131.<\/p>\n<p>Tepkiler B\u00fcy\u00fcyor<\/p>\n<p>Cumhuriyet \u0130lkokulu&#8217;nun y\u0131k\u0131lacak olmas\u0131na sadece CHP&#8217;den de\u011fil, bir\u00e7ok kesimden tepki ya\u011f\u0131yor. Ad\u0131yaman&#8217;da \u00e7e\u015fitli sivil toplum kurulu\u015flar\u0131 ve baz\u0131 vatanda\u015f gruplar\u0131, okulun korunmas\u0131 gerekti\u011fini, bu \u015fekildeki y\u0131k\u0131m kararlar\u0131n\u0131n israf oldu\u011funu belirtiyor.<\/p>\n<p>&#8220;Cumhuriyet \u0130lkokulu, Ad\u0131yaman\u2019\u0131n Haf\u0131zas\u0131d\u0131r&#8221;<\/p>\n<p>1937 y\u0131l\u0131nda in\u015fa edilen ve kentin tarihi simgelerinden biri olan Cumhuriyet \u0130lkokulu, sadece bir e\u011fitim kurumu olman\u0131n \u00f6tesinde, Ad\u0131yaman halk\u0131n\u0131n haf\u0131zas\u0131na kaz\u0131nm\u0131\u015f bir yap\u0131 olarak biliniyor. Cumhuriyet \u0130lkokulu, hem \u015fehrin kimli\u011finin bir par\u00e7as\u0131 hem de b\u00f6lgedeki binlerce \u00e7ocu\u011fun e\u011fitim g\u00f6rd\u00fc\u011f\u00fc bir yuva olarak \u00f6nemli bir yere sahip.<\/p>\n<p>Bu ba\u011flamda, okulun yeniden y\u0131k\u0131lma karar\u0131, kentteki sivil toplum kurulu\u015flar\u0131n\u0131n ve vatanda\u015flar\u0131n tepkisini de art\u0131r\u0131yor. Sosyal medyada &#8220;Cumhuriyet \u0130lkokulu Y\u0131k\u0131lmas\u0131n&#8221; etiketiyle binlerce payla\u015f\u0131m yap\u0131l\u0131rken, Ad\u0131yaman protokol\u00fc ve milletvekillerinin bu konuda ne t\u00fcr bir giri\u015fimde bulunaca\u011f\u0131 merak ediliyor.<\/p>\n<p>&#8220;AKP&#8217;nin Koordinasyonsuzlu\u011fu Halk\u0131 Yoksulla\u015ft\u0131r\u0131yor&#8221;<\/p>\n<p>CHP\u2019nin a\u00e7\u0131klamas\u0131nda, \u00c7evre, \u015eehircilik ve \u0130klim De\u011fi\u015fikli\u011fi Bakanl\u0131\u011f\u0131 ile Milli E\u011fitim Bakanl\u0131\u011f\u0131 aras\u0131ndaki koordinasyonsuzlu\u011fun halka zarar verdi\u011fi belirtilerek \u015fu ifadeler kullan\u0131ld\u0131:<\/p>\n<p>&ldquo;Bu kadar b\u00fcy\u00fck bir felaketten \u00e7\u0131km\u0131\u015f, yaralar\u0131n\u0131 sarmaya \u00e7al\u0131\u015fan Ad\u0131yaman halk\u0131na bu k\u00f6t\u00fcl\u00fc\u011f\u00fc yapmaya kimsenin hakk\u0131 yok. Bir yanda y\u0131k\u0131lm\u0131\u015f binalar, evsiz kalan insanlar, di\u011fer yanda 25 milyon liray\u0131 bo\u015fa harcayan iki bakanl\u0131k. Bu nas\u0131l bir sorumsuzluktur? \u0130ki bakanl\u0131k birbiriyle konu\u015fam\u0131yor, plan yapam\u0131yor ama faturay\u0131 Ad\u0131yaman halk\u0131 \u00f6d\u00fcyor. Biz bu paran\u0131n hesab\u0131n\u0131 sormazsak, bu 25 milyon lira unutulup gidecek. Ama biz buna izin vermeyece\u011fiz.&rdquo;<\/p><\/p>\n","protected":false},"excerpt":{"rendered":"<p> G\u00fclbahar S\u00dcNG\u00dc &#8211; Cumhuriyet \u0130lkokulu\u2019nun g\u00fc\u00e7lendirme ve tadilat \u00e7al\u0131\u015fmalar\u0131 i\u00e7in harcanan 25 milyon lira, okulun \u00c7ar\u015f\u0131 Projesi kapsam\u0131nda y\u0131k\u0131lacak olmas\u0131 nedeniyle \u00e7\u00f6pe gitti. CHP Ad\u0131yaman \u0130l \u00d6rg\u00fct\u00fc, \u201cBu para babalar\u0131n\u0131n kesesinden mi \u00e7\u0131kt\u0131? Depremzede halk\u0131n cebinden \u00e7\u0131kt\u0131\u201d diyerek tepki g\u00f6sterdi.<\/p>\n","protected":false},"author":1,"featured_media":10070,"comment_status":"open","ping_status":"open","sticky":false,"template":"","format":"standard","meta":{"om_disable_all_campaigns":false,"_monsterinsights_skip_tracking":false,"_monsterinsights_sitenote_active":false,"_monsterinsights_sitenote_note":"","_monsterinsights_sitenote_category":0,"footnotes":""},"categories":[1,11],"tags":[1752,540,1751,535,931],"aioseo_notices":[],"_links":{"self":[{"href":"https:\/\/www.hbrkahta.com\/index.php\/wp-json\/wp\/v2\/posts\/10069"}],"collection":[{"href":"https:\/\/www.hbrkahta.com\/index.php\/wp-json\/wp\/v2\/posts"}],"about":[{"href":"https:\/\/www.hbrkahta.com\/index.php\/wp-json\/wp\/v2\/types\/post"}],"author":[{"embeddable":true,"href":"https:\/\/www.hbrkahta.com\/index.php\/wp-json\/wp\/v2\/users\/1"}],"replies":[{"embeddable":true,"href":"https:\/\/www.hbrkahta.com\/index.php\/wp-json\/wp\/v2\/comments?post=10069"}],"version-history":[{"count":1,"href":"https:\/\/www.hbrkahta.com\/index.php\/wp-json\/wp\/v2\/posts\/10069\/revisions"}],"predecessor-version":[{"id":10071,"href":"https:\/\/www.hbrkahta.com\/index.php\/wp-json\/wp\/v2\/posts\/10069\/revisions\/10071"}],"wp:featuredmedia":[{"embeddable":true,"href":"https:\/\/www.hbrkahta.com\/index.php\/wp-json\/wp\/v2\/media\/10070"}],"wp:attachment":[{"href":"https:\/\/www.hbrkahta.com\/index.php\/wp-json\/wp\/v2\/media?parent=10069"}],"wp:term":[{"taxonomy":"category","embeddable":true,"href":"https:\/\/www.hbrkahta.com\/index.php\/wp-json\/wp\/v2\/categories?post=10069"},{"taxonomy":"post_tag","embeddable":true,"href":"https:\/\/www.hbrkahta.com\/index.php\/wp-json\/wp\/v2\/tags?post=10069"}],"curies":[{"name":"wp","href":"https:\/\/api.w.org\/{rel}","templated":true}]}}