{"id":10066,"date":"2024-12-19T16:12:00","date_gmt":"2024-12-19T13:12:00","guid":{"rendered":"https:\/\/www.hbrkahta.com\/?p=10066"},"modified":"2024-12-19T16:12:00","modified_gmt":"2024-12-19T13:12:00","slug":"celikhanli-kadinlara-istihdam-saglayacak-ureten-eller-restorani-acildi","status":"publish","type":"post","link":"https:\/\/www.hbrkahta.com\/index.php\/2024\/12\/19\/celikhanli-kadinlara-istihdam-saglayacak-ureten-eller-restorani-acildi\/","title":{"rendered":"\u00c7elikhanl\u0131 kad\u0131nlara istihdam sa\u011flayacak &#8216;\u00dcreten Eller Restoran\u0131&#8217; a\u00e7\u0131ld\u0131"},"content":{"rendered":"<p>\u00c7elikhan&#8217;da kad\u0131n istihdam\u0131n\u0131 art\u0131rmak amac\u0131yla \u0130pekyolu Kalk\u0131nma Ajans\u0131\u2019n\u0131n deste\u011fiyle hayata ge\u00e7irilen &#8220;\u00dcreten Kad\u0131nlar G\u00fc\u00e7l\u00fc \u00c7elikhan&#8221; projesi kapsam\u0131nda \u00dcreten Eller Restoran\u0131 hizmete a\u00e7\u0131ld\u0131. \u00c7at Baraj\u0131 kenar\u0131nda faaliyete ge\u00e7en restoran, kad\u0131n giri\u015fimcilere ekonomik f\u0131rsatlar sunarak b\u00f6lge ekonomisine de katk\u0131 sa\u011flamay\u0131 hedefliyor. A\u00e7\u0131l\u0131\u015f, Ad\u0131yaman Valisi Dr. Osman Varol&#8217;un kat\u0131l\u0131m\u0131yla ger\u00e7ekle\u015ftirildi.<\/p>\n<p>Kad\u0131n Giri\u015fimciler \u00dcretecek, Ekonomi G\u00fc\u00e7lenecek<\/p>\n<p>\u00c7elikhan Kaymakaml\u0131\u011f\u0131 ve \u00c7elikhan Belediyesi&#8217;nin \u00f6nc\u00fcl\u00fc\u011f\u00fcnde \u0130pekyolu Kalk\u0131nma Ajans\u0131 taraf\u0131ndan desteklenen &#8220;\u00dcreten Kad\u0131nlar G\u00fc\u00e7l\u00fc \u00c7elikhan&#8221; projesi, il\u00e7ede kad\u0131n giri\u015fimcili\u011fini art\u0131rmay\u0131 ve kad\u0131nlar\u0131n i\u015f g\u00fcc\u00fcne kat\u0131l\u0131m\u0131n\u0131 sa\u011flamay\u0131 ama\u00e7l\u0131yor. Proje kapsam\u0131nda, \u00dcreten Kad\u0131nlar G\u00fc\u00e7l\u00fc \u00c7elikhan Kad\u0131n Kooperatifi&#8217;ne tahsis edilen \u00dcreten Eller Restoran\u0131, y\u00f6resel lezzetlerin \u00fcretilece\u011fi, ayn\u0131 zamanda kad\u0131nlar\u0131n sosyal ve ekonomik hayata kat\u0131l\u0131m\u0131n\u0131 destekleyecek bir i\u015fletme olarak faaliyet g\u00f6sterecek.<\/p>\n<p>Restoranda, \u00c7elikhanl\u0131 kad\u0131nlar\u0131n \u00fcretti\u011fi y\u00f6resel yemekler, lezzetli at\u0131\u015ft\u0131rmal\u0131klar ve b\u00f6lgeye has \u00fcr\u00fcnler m\u00fc\u015fterilerin be\u011fenisine sunulacak. Ayn\u0131 zamanda kad\u0131nlar\u0131n kooperatifle\u015fme s\u00fcrecine destek verilerek, kad\u0131n giri\u015fimcili\u011finin art\u0131r\u0131lmas\u0131 hedefleniyor.<\/p>\n<p>Vali Varol: &#8220;Kad\u0131nlar\u0131m\u0131z\u0131n \u00dcretime Katk\u0131 Sa\u011flamas\u0131 En B\u00fcy\u00fck Gayemiz&#8221;<\/p>\n<p>\u00dcreten Eller Restoran\u0131&#8217;n\u0131n a\u00e7\u0131l\u0131\u015f\u0131nda konu\u015fan Ad\u0131yaman Valisi Dr. Osman Varol, kad\u0131nlar\u0131n \u00fcretime kat\u0131lmas\u0131n\u0131n \u00f6nemine de\u011finerek, kad\u0131n giri\u015fimcili\u011finin desteklenmesi y\u00f6n\u00fcnde mesajlar verdi. Vali Varol, \u00c7elikhan&#8217;da kad\u0131n eme\u011fiyle hayata ge\u00e7irilen bu projeye duydu\u011fu memnuniyeti dile getirerek \u015funlar\u0131 s\u00f6yledi:<\/p>\n<p>&ldquo;\u00c7elikhanl\u0131 kad\u0131n giri\u015fimcilerin \u00fcretime ve ekonomiye katk\u0131lar\u0131n\u0131 te\u015fvik etmek amac\u0131yla bug\u00fcn \u0130pekyolu Kalk\u0131nma Ajans\u0131 taraf\u0131ndan destekledi\u011fimiz &lsquo;\u00dcreten Kad\u0131nlar G\u00fc\u00e7l\u00fc \u00c7elikhan\u2019 projesinin meyvelerini topluyoruz. Devlet olarak kad\u0131nlar\u0131m\u0131z\u0131n kendi ayaklar\u0131n\u0131n \u00fczerinde durmas\u0131, kendi i\u015fini kurmas\u0131, ekonomik faaliyetlere entegre olmas\u0131 ve etkinli\u011fini daha da art\u0131rmak en \u00f6nemli gayemizdir. Kad\u0131n giri\u015fimcilerimizin \u00fcretimin bir par\u00e7as\u0131 olmas\u0131ndan memnuniyet duyuyoruz. Valilik olarak \u015fimdiye kadar oldu\u011fu gibi bundan sonra da her zaman de\u011ferli kad\u0131n giri\u015fimcilerimizin yan\u0131nda ve destek\u00e7isi olaca\u011f\u0131z. Ben b\u00f6yle bir olu\u015fumun i\u00e7inde olan t\u00fcm \u00c7elikhanl\u0131 kad\u0131nlar\u0131m\u0131z\u0131 tebrik ediyor, say\u0131lar\u0131n\u0131n her ge\u00e7en g\u00fcn artmas\u0131 temennisiyle \u00e7al\u0131\u015fmalar\u0131nda ba\u015far\u0131lar diliyorum.&rdquo;<\/p>\n<p>Vali Dr. Osman Varol, a\u00e7\u0131l\u0131\u015f\u0131n ard\u0131ndan restoran\u0131 gezerek, kad\u0131n giri\u015fimciler taraf\u0131ndan \u00fcretilen y\u00f6resel lezzetleri inceledi ve proje kapsam\u0131nda kad\u0131nlar\u0131n ger\u00e7ekle\u015ftirdi\u011fi \u00fcretim s\u00fcre\u00e7leri hakk\u0131nda bilgi ald\u0131.<\/p>\n<p>\u00c7at Baraj\u0131 Kenar\u0131nda Ekonomik Kalk\u0131nma Hamlesi<\/p>\n<p>\u00c7at Baraj\u0131 kenar\u0131nda hizmete a\u00e7\u0131lan \u00dcreten Eller Restoran\u0131, turistik bir alan olan baraj b\u00f6lgesinde ekonomik hareketlili\u011fi art\u0131rmay\u0131 hedefliyor. Hem b\u00f6lge halk\u0131na hem de turistlere hizmet verecek olan restoran, ziyaret\u00e7ilere \u00c7elikhan&#8217;\u0131n y\u00f6resel lezzetlerini tatma imkan\u0131 sunacak. Bu kapsamda, kad\u0131nlar\u0131n istihdam\u0131n\u0131 art\u0131racak restoran, ayn\u0131 zamanda b\u00f6lgenin gastronomi turizmini destekleyecek bir proje olarak \u00f6ne \u00e7\u0131k\u0131yor.<\/p>\n<p>Projenin uygulanmas\u0131 ile birlikte, \u00c7elikhan&#8217;daki kad\u0131n giri\u015fimciler, hem ekonomik \u00f6zg\u00fcrl\u00fcklerini kazanacak hem de b\u00f6lge ekonomisine katk\u0131 sunacak. Giri\u015fimci kad\u0131nlar, y\u00f6resel yemeklerden tatl\u0131lara, kahvalt\u0131l\u0131klardan at\u0131\u015ft\u0131rmal\u0131klara kadar bir\u00e7ok \u00fcr\u00fcn\u00fc \u00fcretip satacak. Bu sayede kad\u0131nlar\u0131n ekonomik ba\u011f\u0131ms\u0131zl\u0131\u011f\u0131 art\u0131r\u0131l\u0131rken, b\u00f6lge turizminin geli\u015fimine de katk\u0131 sa\u011flanmas\u0131 hedefleniyor.<\/p>\n<p>Kad\u0131n Kooperatifleri \u0130le Ekonomiye Katk\u0131 Sa\u011flanacak<\/p>\n<p>&ldquo;\u00dcreten Kad\u0131nlar G\u00fc\u00e7l\u00fc \u00c7elikhan&rdquo; projesiyle, kad\u0131n kooperatiflerinin yayg\u0131nla\u015ft\u0131r\u0131lmas\u0131 ve kad\u0131nlar\u0131n i\u015f g\u00fcc\u00fcne kat\u0131l\u0131m\u0131n\u0131n art\u0131r\u0131lmas\u0131 hedefleniyor. \u00c7elikhan&#8217;da dezavantajl\u0131 kad\u0131nlar\u0131n sosyal ve ekonomik hayata entegre edilmesi amac\u0131yla ger\u00e7ekle\u015ftirilen proje, \u00c7elikhanl\u0131 kad\u0131nlar\u0131n kendi i\u015flerini kurmalar\u0131na olanak tan\u0131yacak.<\/p>\n<p>\u00dcreten Kad\u0131nlar G\u00fc\u00e7l\u00fc \u00c7elikhan Kad\u0131n Kooperatifi, \u0130pekyolu Kalk\u0131nma Ajans\u0131&#8217;n\u0131n finansal deste\u011fiyle kad\u0131nlar\u0131n \u00fcretim, pazarlama ve y\u00f6netim s\u00fcre\u00e7lerine aktif kat\u0131l\u0131m\u0131n\u0131 sa\u011flayacak. Bu kooperatifle\u015fme s\u00fcreci, kad\u0131n giri\u015fimcilerin daha g\u00fc\u00e7l\u00fc bir ekonomik yap\u0131ya kavu\u015fmas\u0131n\u0131 sa\u011flarken, b\u00f6lgesel kalk\u0131nmaya da destek olacak.<\/p>\n<p>\u00c7elikhanl\u0131 Kad\u0131nlar\u0131n El Eme\u011fi De\u011fer Kazanacak<\/p>\n<p>\u0130pekyolu Kalk\u0131nma Ajans\u0131 taraf\u0131ndan desteklenen bu proje, \u00c7elikhanl\u0131 kad\u0131nlar\u0131n el eme\u011fi ve g\u00f6z nuruyla \u00fcretti\u011fi \u00fcr\u00fcnleri ekonomik bir de\u011fer haline getirecek. Kad\u0131n giri\u015fimciler, sadece restoran i\u015fletmecili\u011fiyle s\u0131n\u0131rl\u0131 kalmayarak, b\u00f6lgenin gastronomi turizmine katk\u0131da bulunacak. Kad\u0131nlar\u0131n giri\u015fimci ruhunun desteklenmesiyle b\u00f6lgenin kalk\u0131nmas\u0131 hedefleniyor.<\/p>\n<p>Bu projeyle birlikte, kad\u0131nlar sadece aile ekonomisine de\u011fil, ayn\u0131 zamanda il\u00e7e ve il ekonomisine de katk\u0131 sa\u011flayacak. \u00dcreten Kad\u0131nlar G\u00fc\u00e7l\u00fc \u00c7elikhan projesinin yayg\u0131nla\u015ft\u0131r\u0131lmas\u0131yla kad\u0131nlar\u0131n kooperatifle\u015fme bilincinin art\u0131r\u0131lmas\u0131 ve giri\u015fimcilik k\u00fclt\u00fcr\u00fcn\u00fcn yayg\u0131nla\u015ft\u0131r\u0131lmas\u0131 planlan\u0131yor.<\/p>\n<p>Hedef: Kad\u0131n \u0130stihdam\u0131n\u0131 Art\u0131rmak<\/p>\n<p>\u00c7elikhan Kaymakaml\u0131\u011f\u0131, \u00c7elikhan Belediyesi ve \u0130pekyolu Kalk\u0131nma Ajans\u0131&#8217;n\u0131n i\u015f birli\u011fiyle hayata ge\u00e7irilen projede, kad\u0131n istihdam\u0131n\u0131n art\u0131r\u0131lmas\u0131 temel hedef olarak belirlendi. Bu kapsamda, kad\u0131nlar\u0131n sadece \u00fcretici olarak de\u011fil, ayn\u0131 zamanda y\u00f6netici olarak da etkin bir \u015fekilde yer almas\u0131 i\u00e7in \u00e7e\u015fitli e\u011fitimler ve at\u00f6lye \u00e7al\u0131\u015fmalar\u0131 d\u00fczenleniyor.<\/p>\n<p>Proje kapsam\u0131nda kad\u0131nlara \u00fcretim, pazarlama, giri\u015fimcilik ve y\u00f6netim konular\u0131nda e\u011fitimler verilecek. B\u00f6ylece kad\u0131n giri\u015fimcilerin \u00fcretimden sat\u0131\u015fa kadar t\u00fcm s\u00fcre\u00e7leri y\u00f6netebilmeleri sa\u011flanacak.<\/p>\n<p>Vali Varol&#8217;dan Kad\u0131nlara Destek Mesaj\u0131<\/p>\n<p>A\u00e7\u0131l\u0131\u015fta konu\u015fan Ad\u0131yaman Valisi Dr. Osman Varol, kad\u0131n giri\u015fimcili\u011finin desteklenmesiyle \u00c7elikhan\u2019\u0131n kalk\u0131nmas\u0131na b\u00fcy\u00fck katk\u0131 sa\u011flanaca\u011f\u0131n\u0131 belirtti. Vali Varol, Valilik olarak kad\u0131n giri\u015fimcilere her t\u00fcrl\u00fc deste\u011fi vermeye devam edeceklerini s\u00f6yledi. Kad\u0131nlar\u0131n \u00fcretime kat\u0131lmas\u0131n\u0131n sadece ekonomik de\u011fil, ayn\u0131 zamanda toplumsal kalk\u0131nma i\u00e7in de \u00f6nemli oldu\u011funa dikkat \u00e7ekti.<\/p>\n<p>Kad\u0131n Giri\u015fimcilerden Te\u015fekk\u00fcr<\/p>\n<p>Proje kapsam\u0131nda \u00fcretime kat\u0131lan kad\u0131n giri\u015fimciler, kendilerine sunulan bu f\u0131rsat i\u00e7in te\u015fekk\u00fcr etti. Kad\u0131n giri\u015fimciler, art\u0131k ekonomik \u00f6zg\u00fcrl\u00fcklerini kazanma yolunda b\u00fcy\u00fck bir ad\u0131m att\u0131klar\u0131n\u0131 ve bu projede yer ald\u0131klar\u0131 i\u00e7in mutlu olduklar\u0131n\u0131 dile getirdi.<\/p><\/p>\n","protected":false},"excerpt":{"rendered":"<p> G\u00fcner KUZU &#8211; \u0130pekyolu Kalk\u0131nma Ajans\u0131&#8217;n\u0131n deste\u011fiyle hayata ge\u00e7irilen projeyle, \u00c7elikhanl\u0131 kad\u0131nlar hem \u00fcretime kat\u0131lacak hem de ekonomik kazan\u00e7 elde edecek.<\/p>\n","protected":false},"author":1,"featured_media":10067,"comment_status":"open","ping_status":"open","sticky":false,"template":"","format":"standard","meta":{"om_disable_all_campaigns":false,"_monsterinsights_skip_tracking":false,"_monsterinsights_sitenote_active":false,"_monsterinsights_sitenote_note":"","_monsterinsights_sitenote_category":0,"footnotes":""},"categories":[1,11],"tags":[540,1001,325,1200,466],"aioseo_notices":[],"_links":{"self":[{"href":"https:\/\/www.hbrkahta.com\/index.php\/wp-json\/wp\/v2\/posts\/10066"}],"collection":[{"href":"https:\/\/www.hbrkahta.com\/index.php\/wp-json\/wp\/v2\/posts"}],"about":[{"href":"https:\/\/www.hbrkahta.com\/index.php\/wp-json\/wp\/v2\/types\/post"}],"author":[{"embeddable":true,"href":"https:\/\/www.hbrkahta.com\/index.php\/wp-json\/wp\/v2\/users\/1"}],"replies":[{"embeddable":true,"href":"https:\/\/www.hbrkahta.com\/index.php\/wp-json\/wp\/v2\/comments?post=10066"}],"version-history":[{"count":1,"href":"https:\/\/www.hbrkahta.com\/index.php\/wp-json\/wp\/v2\/posts\/10066\/revisions"}],"predecessor-version":[{"id":10068,"href":"https:\/\/www.hbrkahta.com\/index.php\/wp-json\/wp\/v2\/posts\/10066\/revisions\/10068"}],"wp:featuredmedia":[{"embeddable":true,"href":"https:\/\/www.hbrkahta.com\/index.php\/wp-json\/wp\/v2\/media\/10067"}],"wp:attachment":[{"href":"https:\/\/www.hbrkahta.com\/index.php\/wp-json\/wp\/v2\/media?parent=10066"}],"wp:term":[{"taxonomy":"category","embeddable":true,"href":"https:\/\/www.hbrkahta.com\/index.php\/wp-json\/wp\/v2\/categories?post=10066"},{"taxonomy":"post_tag","embeddable":true,"href":"https:\/\/www.hbrkahta.com\/index.php\/wp-json\/wp\/v2\/tags?post=10066"}],"curies":[{"name":"wp","href":"https:\/\/api.w.org\/{rel}","templated":true}]}}